{"id":74303,"date":"2021-03-21T14:17:25","date_gmt":"2021-03-21T17:17:25","guid":{"rendered":"https:\/\/primicias2262.com\/?p=74303"},"modified":"2021-03-21T14:17:25","modified_gmt":"2021-03-21T17:17:25","slug":"un-colorido-mosaico-comunitario-se-refleja-en-las-paredes-del-anfiteatro","status":"publish","type":"post","link":"https:\/\/primicias2262.com\/noticias\/un-colorido-mosaico-comunitario-se-refleja-en-las-paredes-del-anfiteatro\/","title":{"rendered":"Un colorido mosaico comunitario se refleja en las paredes del Anfiteatro"},"content":{"rendered":"<p>A trav\u00e9s de un trabajo mancomunado con artistas locales, la Secretar\u00eda de Desarrollo Humano y Pol\u00edticas Sociales particip\u00f3 este s\u00e1bado de la colocaci\u00f3n de un atractivo y colorido mural de mosaico comunitario denominado \u201cUna mirada diferente\u201d, que quedar\u00e1 plasmado en las paredes del hist\u00f3rico Anfiteatro que est\u00e1 emplazado en el coraz\u00f3n del Parque Miguel Lillo.<\/p>\n<p>El mismo cuenta con m\u00e1s de 250 figuras en forma de ojo que llegan de todo el pa\u00eds y hasta de Uruguay. Al respecto, la titular del \u00e1rea, Sandra Antenucci, explic\u00f3 que \u201ceste mural es el resultado de lo planeado en mayo del a\u00f1o pasado, en el marco de un proyecto colectivo del que participaron todas las provincias del pa\u00eds\u201d.<\/p>\n<p>\u201cCuando nos acercaron el proyecto desde el estudio de mosaiquismo no dudamos en acompa\u00f1ar con la parte administrativa para poder hacerlo en este espacio p\u00fablico, y luego en la coordinaci\u00f3n de la puesta en valor del anfiteatro\u201d, manifest\u00f3.<\/p>\n<p><img loading=\"lazy\" decoding=\"async\" class=\"aligncenter size-full wp-image-74305\" src=\"https:\/\/primicias2262.com\/wp-content\/uploads\/2021\/03\/Anfiteatro-2.jpg\" alt=\"\" width=\"1024\" height=\"768\" \/><\/p>\n<p>\u201cEse mosaico quedar\u00e1 ac\u00e1 porque es perdurable en el tiempo, sin sufrir las inclemencias del tiempo\u201d ampli\u00f3 la funcionaria, para subrayar por \u00faltimo que \u201ceste es el producto de muchas voluntades que en pandemia trabajaron y se sumaron con una mirada diferente, y nosotros como Estado tenemos que acompa\u00f1ar las iniciativas de los vecinos para entre todos ser parte del lugar en el que queremos vivir\u201d.<\/p>\n<p>Por su parte, la artista \u00abAndi\u00bb Buscalia inst\u00f3 a su cuidado, al se\u00f1alar que \u201cpedimos que los vecinos lo cuiden y colaboren en ello, m\u00e1s all\u00e1 de que es un material que se puede limpiar\u201d.<\/p>\n<p>En tanto que Cecilia Gaicich apunt\u00f3 que \u201cestamos trabajando con unas 15 personas que van rotando\u201d para destacar para cerrar el apoyo del municipio ya que \u201cson proyectos que uno hace para trabajarlos con el aporte del Estado as\u00ed no nos sentimos solos\u201d.<\/p>\n","protected":false},"excerpt":{"rendered":"<p>A trav\u00e9s de un trabajo mancomunado con artistas locales, la Secretar\u00eda de Desarrollo Humano y Pol\u00edticas Sociales particip\u00f3 este s\u00e1bado de la colocaci\u00f3n de un atractivo y colorido mural de mosaico comunitario denominado \u201cUna mirada diferente\u201d, que quedar\u00e1 plasmado en las paredes del hist\u00f3rico Anfiteatro que est\u00e1 emplazado en el coraz\u00f3n del Parque Miguel Lillo. [&hellip;]<\/p>\n","protected":false},"author":3,"featured_media":74304,"comment_status":"closed","ping_status":"closed","sticky":false,"template":"","format":"standard","meta":{"footnotes":""},"categories":[3],"tags":[],"class_list":{"0":"post-74303","1":"post","2":"type-post","3":"status-publish","4":"format-standard","5":"has-post-thumbnail","7":"category-masnoticias"},"_links":{"self":[{"href":"https:\/\/primicias2262.com\/noticias\/wp-json\/wp\/v2\/posts\/74303","targetHints":{"allow":["GET"]}}],"collection":[{"href":"https:\/\/primicias2262.com\/noticias\/wp-json\/wp\/v2\/posts"}],"about":[{"href":"https:\/\/primicias2262.com\/noticias\/wp-json\/wp\/v2\/types\/post"}],"author":[{"embeddable":true,"href":"https:\/\/primicias2262.com\/noticias\/wp-json\/wp\/v2\/users\/3"}],"replies":[{"embeddable":true,"href":"https:\/\/primicias2262.com\/noticias\/wp-json\/wp\/v2\/comments?post=74303"}],"version-history":[{"count":0,"href":"https:\/\/primicias2262.com\/noticias\/wp-json\/wp\/v2\/posts\/74303\/revisions"}],"wp:featuredmedia":[{"embeddable":true,"href":"https:\/\/primicias2262.com\/noticias\/wp-json\/"}],"wp:attachment":[{"href":"https:\/\/primicias2262.com\/noticias\/wp-json\/wp\/v2\/media?parent=74303"}],"wp:term":[{"taxonomy":"category","embeddable":true,"href":"https:\/\/primicias2262.com\/noticias\/wp-json\/wp\/v2\/categories?post=74303"},{"taxonomy":"post_tag","embeddable":true,"href":"https:\/\/primicias2262.com\/noticias\/wp-json\/wp\/v2\/tags?post=74303"}],"curies":[{"name":"wp","href":"https:\/\/api.w.org\/{rel}","templated":true}]}}