{"id":74307,"date":"2021-03-21T17:38:33","date_gmt":"2021-03-21T20:38:33","guid":{"rendered":"https:\/\/primicias2262.com\/?p=74307"},"modified":"2021-03-21T17:38:33","modified_gmt":"2021-03-21T20:38:33","slug":"tc-pick-up-discreto-debut-de-franco-de-benedictis-en-la-plata","status":"publish","type":"post","link":"https:\/\/primicias2262.com\/noticias\/tc-pick-up-discreto-debut-de-franco-de-benedictis-en-la-plata\/","title":{"rendered":"TC Pick Up: discreto debut de Franco De Benedictis en La Plata"},"content":{"rendered":"<p>El piloto necochense Franco De Benedictis (Ford Ranger) no pudo brillar en la primera competencia del a\u00f1o del TC Pick Up, disputada en el aut\u00f3dromo \u00abRoberto Mouras\u00bb de La Plata, en la que finaliz\u00f3 21\u00b0.<\/p>\n<p>La carrera fue ganada por el actual campe\u00f3n de la categor\u00eda Juan Pablo Gianini (Ford), quien aventaj\u00f3 a Christian Ledesma (Toyota) y Mat\u00edas Rodr\u00edguez (Toyota).<\/p>\n<p>De Benedictis hab\u00eda finalizado 8\u00b0 en uno de los entrenamientos realizados bajo la lluvia, pero no pudo hacer mucho en la clasificaci\u00f3n general del s\u00e1bado, debiendo conformarse con el puesto 20.<\/p>\n","protected":false},"excerpt":{"rendered":"<p>El piloto necochense Franco De Benedictis (Ford Ranger) no pudo brillar en la primera competencia del a\u00f1o del TC Pick Up, disputada en el aut\u00f3dromo \u00abRoberto Mouras\u00bb de La Plata, en la que finaliz\u00f3 21\u00b0. La carrera fue ganada por el actual campe\u00f3n de la categor\u00eda Juan Pablo Gianini (Ford), quien aventaj\u00f3 a Christian Ledesma [&hellip;]<\/p>\n","protected":false},"author":3,"featured_media":74308,"comment_status":"closed","ping_status":"closed","sticky":false,"template":"","format":"standard","meta":{"footnotes":""},"categories":[3],"tags":[],"class_list":{"0":"post-74307","1":"post","2":"type-post","3":"status-publish","4":"format-standard","5":"has-post-thumbnail","7":"category-masnoticias"},"_links":{"self":[{"href":"https:\/\/primicias2262.com\/noticias\/wp-json\/wp\/v2\/posts\/74307","targetHints":{"allow":["GET"]}}],"collection":[{"href":"https:\/\/primicias2262.com\/noticias\/wp-json\/wp\/v2\/posts"}],"about":[{"href":"https:\/\/primicias2262.com\/noticias\/wp-json\/wp\/v2\/types\/post"}],"author":[{"embeddable":true,"href":"https:\/\/primicias2262.com\/noticias\/wp-json\/wp\/v2\/users\/3"}],"replies":[{"embeddable":true,"href":"https:\/\/primicias2262.com\/noticias\/wp-json\/wp\/v2\/comments?post=74307"}],"version-history":[{"count":0,"href":"https:\/\/primicias2262.com\/noticias\/wp-json\/wp\/v2\/posts\/74307\/revisions"}],"wp:featuredmedia":[{"embeddable":true,"href":"https:\/\/primicias2262.com\/noticias\/wp-json\/"}],"wp:attachment":[{"href":"https:\/\/primicias2262.com\/noticias\/wp-json\/wp\/v2\/media?parent=74307"}],"wp:term":[{"taxonomy":"category","embeddable":true,"href":"https:\/\/primicias2262.com\/noticias\/wp-json\/wp\/v2\/categories?post=74307"},{"taxonomy":"post_tag","embeddable":true,"href":"https:\/\/primicias2262.com\/noticias\/wp-json\/wp\/v2\/tags?post=74307"}],"curies":[{"name":"wp","href":"https:\/\/api.w.org\/{rel}","templated":true}]}}