{"id":74314,"date":"2021-03-21T18:09:51","date_gmt":"2021-03-21T21:09:51","guid":{"rendered":"https:\/\/primicias2262.com\/?p=74314"},"modified":"2021-03-21T18:09:51","modified_gmt":"2021-03-21T21:09:51","slug":"pintura-de-sendas-en-escuelas-queremos-democratizar-el-uso-del-espacio-publico","status":"publish","type":"post","link":"https:\/\/primicias2262.com\/noticias\/pintura-de-sendas-en-escuelas-queremos-democratizar-el-uso-del-espacio-publico\/","title":{"rendered":"Pintura de sendas en escuelas: \u201cQueremos democratizar el uso del espacio p\u00fablico\u201d"},"content":{"rendered":"<p>El subsecretario de Ordenamiento Urbano y Fiscalizaci\u00f3n, Walter Calabretta,\u00a0 puso de manifiesto la prioridad que le quieren dar al peat\u00f3n en el tr\u00e1nsito ante el \u201cpoder\u201d de los autos de gran porte.<\/p>\n<p>En virtud de ello, y ante la consulta del periodista Jorge G\u00f3mez en el programa \u00abVoces de la Ciudad\u00bb, el funcionario se refiri\u00f3 a la m\u00e1quina adquirida por el municipio para delinear y demarcar sendas peatonales: \u201cMarca con una pintura en calor que se adhiere al suelo con determinada densidad y hace que se mantenga. Se arranc\u00f3 en el marco del ciclo lectivo a planificar la demarcaci\u00f3n en las distintas escuelas: se arranc\u00f3 por la N\u00b0 1 y por la N\u00b0 4, y se va a seguir con una planificaci\u00f3n que se viene haciendo desde el Observatorio Vial Municipal y por pedidos que han hecho los propios establecimientos\u201d.<\/p>\n<p>Calabretta insisti\u00f3 en que \u201cesto est\u00e1 enmarcado en el trabajo que viene haciendo el Observatorio y tiene que ver con democratizar el uso del espacio p\u00fablico, donde pareciera que reinan los autos de gran porte. Es un trabajo arduo que se tiene que hacer en toda la zona del centro de Necochea y Quequ\u00e9n, y donde hay afluencia de p\u00fablico\u201d.<\/p>\n<p>Incluso, subray\u00f3 que \u201cla semana pasada tambi\u00e9n estuvo la gente de Tr\u00e1nsito concientizando en el centro, sobre el tema de la prioridad del peat\u00f3n. Es una cuesti\u00f3n de educaci\u00f3n y hay que empezar desde las bases, en los m\u00e1s chicos. Es algo a largo plazo\u201d.<\/p>\n<p>Por otra parte, al ser consultado por el \u00e9xito de los operativos conjuntos por el \u00faltimo Primer D\u00eda, celebraci\u00f3n d elos alumnos del \u00faltimo a\u00f1o de la secundaria, Calabretta asegur\u00f3 que \u201cse hab\u00eda puesto como objetivo garantizar la integridad de los chicos y las chicas que iban a estar en los festejos. El primer domingo, 7 de marzo, esto dio lugar a algunas clausuras de locales nocturnos y se labraron algunas actas, pero se hizo el acompa\u00f1amiento de los chicos desde los distintos puntos donde festejaban hasta la plaza en el centro y con el apoyo de la Jefatura Departamental y la Jefatura Distrital de Educaci\u00f3n\u201d.<\/p>\n<p>\u201cEn funci\u00f3n de que esta semana, Javier Ranaldi (jefe distrital) nos avis\u00f3 que ya hab\u00edan iniciado todos los cursos, dimos por finalizado el operativo, que ha sido un \u00e9xito Se trabaj\u00f3 bien ordenado y coordinado como han pedido el intendente Arturo Rojas y el secretario de Gobierno, Jorge Mart\u00ednez, y no hubo que lamentar ning\u00fan hecho negativo\u201d, culmin\u00f3.<\/p>\n","protected":false},"excerpt":{"rendered":"<p>El subsecretario de Ordenamiento Urbano y Fiscalizaci\u00f3n, Walter Calabretta,\u00a0 puso de manifiesto la prioridad que le quieren dar al peat\u00f3n en el tr\u00e1nsito ante el \u201cpoder\u201d de los autos de gran porte. En virtud de ello, y ante la consulta del periodista Jorge G\u00f3mez en el programa \u00abVoces de la Ciudad\u00bb, el funcionario se refiri\u00f3 [&hellip;]<\/p>\n","protected":false},"author":3,"featured_media":74315,"comment_status":"closed","ping_status":"closed","sticky":false,"template":"","format":"standard","meta":{"footnotes":""},"categories":[3],"tags":[],"class_list":{"0":"post-74314","1":"post","2":"type-post","3":"status-publish","4":"format-standard","5":"has-post-thumbnail","7":"category-masnoticias"},"_links":{"self":[{"href":"https:\/\/primicias2262.com\/noticias\/wp-json\/wp\/v2\/posts\/74314","targetHints":{"allow":["GET"]}}],"collection":[{"href":"https:\/\/primicias2262.com\/noticias\/wp-json\/wp\/v2\/posts"}],"about":[{"href":"https:\/\/primicias2262.com\/noticias\/wp-json\/wp\/v2\/types\/post"}],"author":[{"embeddable":true,"href":"https:\/\/primicias2262.com\/noticias\/wp-json\/wp\/v2\/users\/3"}],"replies":[{"embeddable":true,"href":"https:\/\/primicias2262.com\/noticias\/wp-json\/wp\/v2\/comments?post=74314"}],"version-history":[{"count":0,"href":"https:\/\/primicias2262.com\/noticias\/wp-json\/wp\/v2\/posts\/74314\/revisions"}],"wp:featuredmedia":[{"embeddable":true,"href":"https:\/\/primicias2262.com\/noticias\/wp-json\/"}],"wp:attachment":[{"href":"https:\/\/primicias2262.com\/noticias\/wp-json\/wp\/v2\/media?parent=74314"}],"wp:term":[{"taxonomy":"category","embeddable":true,"href":"https:\/\/primicias2262.com\/noticias\/wp-json\/wp\/v2\/categories?post=74314"},{"taxonomy":"post_tag","embeddable":true,"href":"https:\/\/primicias2262.com\/noticias\/wp-json\/wp\/v2\/tags?post=74314"}],"curies":[{"name":"wp","href":"https:\/\/api.w.org\/{rel}","templated":true}]}}