{"id":74317,"date":"2021-03-22T11:38:14","date_gmt":"2021-03-22T14:38:14","guid":{"rendered":"https:\/\/primicias2262.com\/?p=74317"},"modified":"2021-03-22T11:38:14","modified_gmt":"2021-03-22T14:38:14","slug":"el-municipio-trabaja-un-proyecto-para-que-en-dos-anos-y-medio-todos-los-taxis-sean-blancos","status":"publish","type":"post","link":"https:\/\/primicias2262.com\/noticias\/el-municipio-trabaja-un-proyecto-para-que-en-dos-anos-y-medio-todos-los-taxis-sean-blancos\/","title":{"rendered":"El municipio trabaja un proyecto para que en dos a\u00f1os y medio todos los taxis sean blancos"},"content":{"rendered":"<p style=\"font-weight: 400;\"><strong>A trav\u00e9s de un nota realizada por el periodista Jorge G\u00f3mez en \u2018Voces de la Ciudad\u2019, que se emite por FM Vinilo, 103.5 del dial, el secretario de Gobierno, Jorge Mart\u00ednez, se refiri\u00f3 al proyecto del Departamento Ejecutivo que busca un criterio de unificaci\u00f3n en el color de los taxis de la ciudad en el plazo de los pr\u00f3ximos dos a\u00f1os y medio.<\/strong><\/p>\n<p style=\"font-weight: 400;\">Al ser consultado, el funcionario respondi\u00f3 que \u201cqueremos unificar criterios, que haya criterios de unificaci\u00f3n e identificaci\u00f3n. Ellos son licenciatarios de un servicio p\u00fablico de pasajeros y cualquier taxista que adquiere una licencia lo que hace es someterse a la regulaci\u00f3n que establece el Estado, y nosotros tenemos que jerarquizar el servicio porque somos una zona tur\u00edstica, es lo menos que tenemos que hacer\u201d.<\/p>\n<p style=\"font-weight: 400;\">En virtud de ello, Mart\u00ednez revel\u00f3 que \u201chubo una primera charla con los taxistas en la cual la directora de Transporte (Jimena Ruiz) dio a conocer el proyecto, y hubo una discusi\u00f3n de que por ah\u00ed no era el momento. Pero nosotros hemos decidido que, m\u00e1s all\u00e1 de la unificaci\u00f3n del color de los taxis, que va a ser blanco, que todos tengan el plotteado (a pesar del color que tengan) a costa del municipio, y van a tener un plazo\u2026 la idea es que dentro de los 30 meses ellos puedan unificar el color\u201d.<\/p>\n<p style=\"font-weight: 400;\">\u201cLos que puedan hacerlo en esos dos a\u00f1os y medio van a tener un beneficio, y quienes no puedan no acceder\u00e1n al mismo. Hoy en d\u00eda, cualquiera sea el color del taxi, todos tendr\u00e1n la banda que dir\u00e1 Municipalidad de Necochea\u201d, especific\u00f3.<\/p>\n<p style=\"font-weight: 400;\">Finalmente, el secretario de Gobierno asegur\u00f3 que \u201ccambiar todo el sistema de taxis y remises es muy engorroso y la idea es que sea de a poco. El martes se present\u00f3 en el Concejo Deliberante y en principio tuvo buena recepci\u00f3n\u201d.<\/p>\n","protected":false},"excerpt":{"rendered":"<p>A trav\u00e9s de un nota realizada por el periodista Jorge G\u00f3mez en \u2018Voces de la Ciudad\u2019, que se emite por FM Vinilo, 103.5 del dial, el secretario de Gobierno, Jorge Mart\u00ednez, se refiri\u00f3 al proyecto del Departamento Ejecutivo que busca un criterio de unificaci\u00f3n en el color de los taxis de la ciudad en el [&hellip;]<\/p>\n","protected":false},"author":3,"featured_media":74318,"comment_status":"closed","ping_status":"closed","sticky":false,"template":"","format":"standard","meta":{"footnotes":""},"categories":[3],"tags":[],"class_list":{"0":"post-74317","1":"post","2":"type-post","3":"status-publish","4":"format-standard","5":"has-post-thumbnail","7":"category-masnoticias"},"_links":{"self":[{"href":"https:\/\/primicias2262.com\/noticias\/wp-json\/wp\/v2\/posts\/74317","targetHints":{"allow":["GET"]}}],"collection":[{"href":"https:\/\/primicias2262.com\/noticias\/wp-json\/wp\/v2\/posts"}],"about":[{"href":"https:\/\/primicias2262.com\/noticias\/wp-json\/wp\/v2\/types\/post"}],"author":[{"embeddable":true,"href":"https:\/\/primicias2262.com\/noticias\/wp-json\/wp\/v2\/users\/3"}],"replies":[{"embeddable":true,"href":"https:\/\/primicias2262.com\/noticias\/wp-json\/wp\/v2\/comments?post=74317"}],"version-history":[{"count":0,"href":"https:\/\/primicias2262.com\/noticias\/wp-json\/wp\/v2\/posts\/74317\/revisions"}],"wp:featuredmedia":[{"embeddable":true,"href":"https:\/\/primicias2262.com\/noticias\/wp-json\/"}],"wp:attachment":[{"href":"https:\/\/primicias2262.com\/noticias\/wp-json\/wp\/v2\/media?parent=74317"}],"wp:term":[{"taxonomy":"category","embeddable":true,"href":"https:\/\/primicias2262.com\/noticias\/wp-json\/wp\/v2\/categories?post=74317"},{"taxonomy":"post_tag","embeddable":true,"href":"https:\/\/primicias2262.com\/noticias\/wp-json\/wp\/v2\/tags?post=74317"}],"curies":[{"name":"wp","href":"https:\/\/api.w.org\/{rel}","templated":true}]}}