{"id":74335,"date":"2021-03-22T14:14:09","date_gmt":"2021-03-22T17:14:09","guid":{"rendered":"https:\/\/primicias2262.com\/?p=74335"},"modified":"2021-03-22T14:14:09","modified_gmt":"2021-03-22T17:14:09","slug":"en-las-escuelas-reciben-el-mobiliario-con-mucha-alegria-porque-siempre-es-necesario","status":"publish","type":"post","link":"https:\/\/primicias2262.com\/noticias\/en-las-escuelas-reciben-el-mobiliario-con-mucha-alegria-porque-siempre-es-necesario\/","title":{"rendered":"En las escuelas \u201creciben el mobiliario con mucha alegr\u00eda porque siempre es necesario\u201d"},"content":{"rendered":"<p>El presidente del Consejo Escolar de Necochea, Juan Manuel De la Calle, se refiri\u00f3 a la llegada de cientos de mesas y sillas hace pocos d\u00edas, las cuales ya est\u00e1n siendo repartidas en numerosos establecimientos educativos de Necochea y Quequ\u00e9n, y prontamente en las localidades del distrito.<\/p>\n<p>En nota con el periodista Jorge G\u00f3mez en \u201cVoces de la Ciudad\u201d, De la Calle inform\u00f3 que el mobiliario \u201cfue una adquisici\u00f3n que hizo el Consejo con fondos que vienen desde Provincia, hemos hecho una compra importante de mobiliario que ronda los 3 millones de pesos y son unas 300 mesas y 650 sillas\u201d.<\/p>\n<p>El mobiliario \u201cse adquiri\u00f3 a una f\u00e1brica de Buenos Aires, lleg\u00f3 el material y ya estamos con el reparto. Agradecemos al municipio que nos dio la posibilidad de trasladar este mobiliario a las escuelas y el reparto se est\u00e1 haciendo en base a los pedidos que ya ven\u00edan haciendo las escuelas. Tambi\u00e9n estos d\u00edas estaremos llegando a las localidades del distrito\u201d, agreg\u00f3, dando cuenta que varios de los pedidos datan de un a\u00f1o, pero con el detalle de que en 2020 no se pudo realizar por la pandemia de coronavirus.<\/p>\n<p>Asimismo, el funcionario aclar\u00f3 que \u201clo que hicimos fue solicitar fondos para una nueva compra, esta es la primera tanda que viene y estamos a la espera de que Provincia nos autorice los fondos para hacer todo el proceso de compra\u201d.<\/p>\n<p><img loading=\"lazy\" decoding=\"async\" class=\"aligncenter size-full wp-image-74336\" src=\"https:\/\/primicias2262.com\/wp-content\/uploads\/2021\/03\/Consejo-2.jpg\" alt=\"\" width=\"1032\" height=\"774\" \/><\/p>\n<p>En cuanto al tema de la pandemia y c\u00f3mo se viene desarrollando el ciclo lectivo, destac\u00f3 que \u201cse est\u00e1 trabajando muy bien, las escuelas han logrado generar el protocolo y las burbujas necesarias y acorde a cada establecimiento. Vemos que se est\u00e1 trabajando muy bien y siempre con una mirada a corto plazo por la situaci\u00f3n epidemiol\u00f3gica, que por ahora nos permite seguir con las clases y no tener olas y picos de contagios\u201d.<\/p>\n<p>Y finalmente, tambi\u00e9n se le consult\u00f3 sobre la entrega de alimentos, a lo que De la Calle inform\u00f3 que \u201cen estos d\u00edas estamos por empezar a hacer la nueva entrega que corresponder\u00e1 a abril, se van a hacer con los m\u00f3dulos alimentarios ya embalados en cajas porque las escuelas est\u00e1n con los alumnos y cuerpo docente, directivos y auxiliares abocados a la actividad pedag\u00f3gica, as\u00ed que desde el Consejo Escolar se va a enviar para que directamente se puedan entregar ya armados para las familias\u201d.<\/p>\n","protected":false},"excerpt":{"rendered":"<p>El presidente del Consejo Escolar de Necochea, Juan Manuel De la Calle, se refiri\u00f3 a la llegada de cientos de mesas y sillas hace pocos d\u00edas, las cuales ya est\u00e1n siendo repartidas en numerosos establecimientos educativos de Necochea y Quequ\u00e9n, y prontamente en las localidades del distrito. En nota con el periodista Jorge G\u00f3mez en [&hellip;]<\/p>\n","protected":false},"author":3,"featured_media":74337,"comment_status":"closed","ping_status":"closed","sticky":false,"template":"","format":"standard","meta":{"footnotes":""},"categories":[3],"tags":[],"class_list":{"0":"post-74335","1":"post","2":"type-post","3":"status-publish","4":"format-standard","5":"has-post-thumbnail","7":"category-masnoticias"},"_links":{"self":[{"href":"https:\/\/primicias2262.com\/noticias\/wp-json\/wp\/v2\/posts\/74335","targetHints":{"allow":["GET"]}}],"collection":[{"href":"https:\/\/primicias2262.com\/noticias\/wp-json\/wp\/v2\/posts"}],"about":[{"href":"https:\/\/primicias2262.com\/noticias\/wp-json\/wp\/v2\/types\/post"}],"author":[{"embeddable":true,"href":"https:\/\/primicias2262.com\/noticias\/wp-json\/wp\/v2\/users\/3"}],"replies":[{"embeddable":true,"href":"https:\/\/primicias2262.com\/noticias\/wp-json\/wp\/v2\/comments?post=74335"}],"version-history":[{"count":0,"href":"https:\/\/primicias2262.com\/noticias\/wp-json\/wp\/v2\/posts\/74335\/revisions"}],"wp:featuredmedia":[{"embeddable":true,"href":"https:\/\/primicias2262.com\/noticias\/wp-json\/"}],"wp:attachment":[{"href":"https:\/\/primicias2262.com\/noticias\/wp-json\/wp\/v2\/media?parent=74335"}],"wp:term":[{"taxonomy":"category","embeddable":true,"href":"https:\/\/primicias2262.com\/noticias\/wp-json\/wp\/v2\/categories?post=74335"},{"taxonomy":"post_tag","embeddable":true,"href":"https:\/\/primicias2262.com\/noticias\/wp-json\/wp\/v2\/tags?post=74335"}],"curies":[{"name":"wp","href":"https:\/\/api.w.org\/{rel}","templated":true}]}}