{"id":74339,"date":"2021-03-22T14:35:57","date_gmt":"2021-03-22T17:35:57","guid":{"rendered":"https:\/\/primicias2262.com\/?p=74339"},"modified":"2021-03-22T14:35:57","modified_gmt":"2021-03-22T17:35:57","slug":"bertoldi-trazo-un-balance-muy-positivo-de-la-jornada-electoral-del-radicalismo","status":"publish","type":"post","link":"https:\/\/primicias2262.com\/noticias\/bertoldi-trazo-un-balance-muy-positivo-de-la-jornada-electoral-del-radicalismo\/","title":{"rendered":"Bertoldi traz\u00f3 un balance muy positivo de la jornada electoral del radicalismo"},"content":{"rendered":"<p style=\"font-weight: 400;\"><strong>En di\u00e1logo con el programa radial \u201cVoces de la Ciudad\u201d, la presidenta de la Junta Electoral de la Uni\u00f3n C\u00edvica Radical de Necochea, Carola Bertoldi, traz\u00f3 un balance m\u00e1s que positivo de las elecciones internas y presenciales del radicalismo que dejaron la proclamaci\u00f3n a nivel local de la lista \u00fanica, encabezada por Alberto Esnaola, y de Maximiliano Abad con un amplio triunfo en la fase provincial por sobre Gustavo Posse para presidir el Comit\u00e9 del hist\u00f3rico partido.<\/strong><\/p>\n<p style=\"font-weight: 400;\">Al ser consultada por el periodista Jorge G\u00f3mez acerca de la fecha eleccionaria, la dirigente manifest\u00f3 que \u201ctuvimos una jornada que realmente nos llam\u00f3 la atenci\u00f3n a todos, se acercaron a votar 698 afiliados, as\u00ed que estamos muy contentos con la participaci\u00f3n, y por otro lado todo el mundo respetando las normas previstas: ingresar de a poco, hacer la cola afuera para que no se amontonara gente, usar el tapabocas, mientras que nosotros tom\u00e1bamos la fiebre al ingreso, ten\u00edamos alcohol en gel y lapiceros en las distintas mesas para elegir distintas lapiceras. Fue una jornada realmente de aprendizaje\u201d.<\/p>\n<p style=\"font-weight: 400;\">Bertoldi inform\u00f3 adem\u00e1s que anoche se enviaron los n\u00fameros a la Junta Electoral provincial y que hoy se har\u00eda lo propio con la pepeler\u00eda, y volvi\u00f3 a hacer hincapi\u00e9 en que \u201cla gente estuvo con mucha predisposici\u00f3n, fue una muy buena concurrencia, m\u00e1xime estando en pandemia\u201d, para acotar que \u201ces un aprendizaje de cara al cronograma electoral de este a\u00f1o. Tenemos todos que tener paciencia e ir cumpliendo con las obligaciones, tanto del que est\u00e1 de un lado como del otro\u201d.<\/p>\n","protected":false},"excerpt":{"rendered":"<p>En di\u00e1logo con el programa radial \u201cVoces de la Ciudad\u201d, la presidenta de la Junta Electoral de la Uni\u00f3n C\u00edvica Radical de Necochea, Carola Bertoldi, traz\u00f3 un balance m\u00e1s que positivo de las elecciones internas y presenciales del radicalismo que dejaron la proclamaci\u00f3n a nivel local de la lista \u00fanica, encabezada por Alberto Esnaola, y [&hellip;]<\/p>\n","protected":false},"author":3,"featured_media":74340,"comment_status":"closed","ping_status":"closed","sticky":false,"template":"","format":"standard","meta":{"footnotes":""},"categories":[3],"tags":[],"class_list":{"0":"post-74339","1":"post","2":"type-post","3":"status-publish","4":"format-standard","5":"has-post-thumbnail","7":"category-masnoticias"},"_links":{"self":[{"href":"https:\/\/primicias2262.com\/noticias\/wp-json\/wp\/v2\/posts\/74339","targetHints":{"allow":["GET"]}}],"collection":[{"href":"https:\/\/primicias2262.com\/noticias\/wp-json\/wp\/v2\/posts"}],"about":[{"href":"https:\/\/primicias2262.com\/noticias\/wp-json\/wp\/v2\/types\/post"}],"author":[{"embeddable":true,"href":"https:\/\/primicias2262.com\/noticias\/wp-json\/wp\/v2\/users\/3"}],"replies":[{"embeddable":true,"href":"https:\/\/primicias2262.com\/noticias\/wp-json\/wp\/v2\/comments?post=74339"}],"version-history":[{"count":0,"href":"https:\/\/primicias2262.com\/noticias\/wp-json\/wp\/v2\/posts\/74339\/revisions"}],"wp:featuredmedia":[{"embeddable":true,"href":"https:\/\/primicias2262.com\/noticias\/wp-json\/"}],"wp:attachment":[{"href":"https:\/\/primicias2262.com\/noticias\/wp-json\/wp\/v2\/media?parent=74339"}],"wp:term":[{"taxonomy":"category","embeddable":true,"href":"https:\/\/primicias2262.com\/noticias\/wp-json\/wp\/v2\/categories?post=74339"},{"taxonomy":"post_tag","embeddable":true,"href":"https:\/\/primicias2262.com\/noticias\/wp-json\/wp\/v2\/tags?post=74339"}],"curies":[{"name":"wp","href":"https:\/\/api.w.org\/{rel}","templated":true}]}}