{"id":74348,"date":"2021-03-23T09:59:59","date_gmt":"2021-03-23T12:59:59","guid":{"rendered":"https:\/\/primicias2262.com\/?p=74348"},"modified":"2021-03-23T09:59:59","modified_gmt":"2021-03-23T12:59:59","slug":"plantamos-memoria-se-realizara-este-martes-en-homenaje-a-los-detenidos-desaparecidos-locales","status":"publish","type":"post","link":"https:\/\/primicias2262.com\/noticias\/plantamos-memoria-se-realizara-este-martes-en-homenaje-a-los-detenidos-desaparecidos-locales\/","title":{"rendered":"&#8216;Plantamos Memoria&#8217; se realizar\u00e1 este martes en homenaje a los detenidos desaparecidos locales"},"content":{"rendered":"<p><strong>La actividad se desarrollar\u00e1 este martes a las 17, detr\u00e1s de la Escuela Municipal de Artes. Participan organismos de derechos humanos e instituciones de la vida civil local<\/strong><\/p>\n<p>Con la organizaci\u00f3n de la Direcci\u00f3n de Relaciones con la Comunidad y Derechos Humanos, a cargo de Ger\u00f3nimo Gallegos, ma\u00f1ana martes por la tarde se recordar\u00e1 el D\u00eda Nacional por la Memoria, la Verdad y la Justicia con una actividad que se realizar\u00e1 en el sector detr\u00e1s de la Escuela Municipal de Artes, sita en calle 62 y 45.<\/p>\n<p>\u201cLa actividad se llama \u201cPlantamos memoria\u201d, y tiene que ver con la plantaci\u00f3n de un \u00e1rbol por cada uno de los detenidos\/desaparecidos que hubo en nuestra ciudad\u201d, explic\u00f3 Gallegos, puntualizando que en Necochea ser\u00e1n 22 especies.<\/p>\n<p>El acto oficial ser\u00e1 a partir de las 17, para lo cual \u201cvamos a convocar a todos los organismos de derechos humanos que funcionan en la ciudad, como as\u00ed tambi\u00e9n a diferentes organizaciones civiles e instituciones p\u00fablicas que quieran participar en esta conmemoraci\u00f3n\u201d, a\u00f1adi\u00f3.<\/p>\n<p>El funcionario afirm\u00f3 que la actividad fue \u201cpropuesta por los organismos de derechos humanos a nivel nacional, pero que a nosotros nos lleg\u00f3 la invitaci\u00f3n a trav\u00e9s de la Subsecretar\u00eda de Derechos Humanos de la Provincia\u201d.<\/p>\n<p>Por \u00faltimo, indic\u00f3 que \u201cesta actividad se va a replicar en las plazas de Juan N. Fern\u00e1ndez y Claraz, en conmemoraci\u00f3n a los detenidos\/desaparecidos de esas localidades\u201d en los pr\u00f3ximos d\u00edas.<\/p>\n","protected":false},"excerpt":{"rendered":"<p>La actividad se desarrollar\u00e1 este martes a las 17, detr\u00e1s de la Escuela Municipal de Artes. Participan organismos de derechos humanos e instituciones de la vida civil local Con la organizaci\u00f3n de la Direcci\u00f3n de Relaciones con la Comunidad y Derechos Humanos, a cargo de Ger\u00f3nimo Gallegos, ma\u00f1ana martes por la tarde se recordar\u00e1 el [&hellip;]<\/p>\n","protected":false},"author":3,"featured_media":74349,"comment_status":"closed","ping_status":"closed","sticky":false,"template":"","format":"standard","meta":{"footnotes":""},"categories":[5],"tags":[],"class_list":{"0":"post-74348","1":"post","2":"type-post","3":"status-publish","4":"format-standard","5":"has-post-thumbnail","7":"category-neco"},"_links":{"self":[{"href":"https:\/\/primicias2262.com\/noticias\/wp-json\/wp\/v2\/posts\/74348","targetHints":{"allow":["GET"]}}],"collection":[{"href":"https:\/\/primicias2262.com\/noticias\/wp-json\/wp\/v2\/posts"}],"about":[{"href":"https:\/\/primicias2262.com\/noticias\/wp-json\/wp\/v2\/types\/post"}],"author":[{"embeddable":true,"href":"https:\/\/primicias2262.com\/noticias\/wp-json\/wp\/v2\/users\/3"}],"replies":[{"embeddable":true,"href":"https:\/\/primicias2262.com\/noticias\/wp-json\/wp\/v2\/comments?post=74348"}],"version-history":[{"count":0,"href":"https:\/\/primicias2262.com\/noticias\/wp-json\/wp\/v2\/posts\/74348\/revisions"}],"wp:featuredmedia":[{"embeddable":true,"href":"https:\/\/primicias2262.com\/noticias\/wp-json\/"}],"wp:attachment":[{"href":"https:\/\/primicias2262.com\/noticias\/wp-json\/wp\/v2\/media?parent=74348"}],"wp:term":[{"taxonomy":"category","embeddable":true,"href":"https:\/\/primicias2262.com\/noticias\/wp-json\/wp\/v2\/categories?post=74348"},{"taxonomy":"post_tag","embeddable":true,"href":"https:\/\/primicias2262.com\/noticias\/wp-json\/wp\/v2\/tags?post=74348"}],"curies":[{"name":"wp","href":"https:\/\/api.w.org\/{rel}","templated":true}]}}