{"id":74351,"date":"2021-03-23T10:06:17","date_gmt":"2021-03-23T13:06:17","guid":{"rendered":"https:\/\/primicias2262.com\/?p=74351"},"modified":"2021-03-23T10:06:17","modified_gmt":"2021-03-23T13:06:17","slug":"loberia-conforman-mesa-intersectorial-para-prevenir-y-atender-la-violencia-de-genero","status":"publish","type":"post","link":"https:\/\/primicias2262.com\/noticias\/loberia-conforman-mesa-intersectorial-para-prevenir-y-atender-la-violencia-de-genero\/","title":{"rendered":"Lober\u00eda: conforman Mesa Intersectorial para prevenir y atender la violencia de g\u00e9nero"},"content":{"rendered":"<p><strong>Desde las Direcciones de Desarrollo Social y Atenci\u00f3n Primaria de la Salud del municipio de Lober\u00eda, se convoc\u00f3 el primer encuentro para la conformaci\u00f3n de la Mesa Local Intersectorial para la Prevenci\u00f3n y Atenci\u00f3n Integral de la Violencia Familiar y por Razones de G\u00e9nero, creada por la ordenanza 2421\/2020.<\/strong><\/p>\n<p>Participaron autoridades judiciales, fuerzas de seguridad, representantes de los bloques legislativos y miembros de distintas dependencias municipales relacionados con la tem\u00e1tica, manifestando cada uno un alto grado de compromiso y responsabilidad en el abordaje y acompa\u00f1amiento de distintas situaciones.<\/p>\n<p>La mesa local intersectorial es un lugar de encuentro para sumar esfuerzos en pos de unificar pautas y acciones concernientes a trabajar articuladamente, interinstitucionalmente y desde una mirada interdisciplinaria para dar respuestas integrales a las personas que atraviesan situaciones de violencia de g\u00e9nero.<\/p>\n<p><strong>Son funciones de la Mesa:<\/strong><\/p>\n<p>&#8211; Construir conocimiento sobre la situaci\u00f3n local en relaci\u00f3n a las violencias por razones de g\u00e9nero en sus distintas formas y expresiones;<br \/>\n&#8211; Realizar un registro de los recursos involucrados en la asistencia y la prevenci\u00f3n mediante un relevamiento, con el objetivo de construir una gu\u00eda de recursos locales unificada y actualizada;<br \/>\n&#8211; Generar instancias de debate, capacitaci\u00f3n y construcci\u00f3n del marco te\u00f3rico en relaci\u00f3n al cual pensar la violencia y fundamentar las acciones construidas y desarrolladas;<br \/>\n&#8211; Dise\u00f1ar acciones y estrategias de intervenci\u00f3n teniendo en cuenta el contexto local y a partir de la articulaci\u00f3n entre organizaciones p\u00fablicas y de la sociedad civil, orientadas a la prevenci\u00f3n, la asistencia, la difusi\u00f3n y la sensibilizaci\u00f3n en relaci\u00f3n a la problem\u00e1tica;<br \/>\n&#8211; Todas aquellas funciones y objetivos vinculados a la tem\u00e1tica y sus particularidades en el contexto local, definidos por la propia Mesa una vez constituida<\/p>\n<p>En pr\u00f3ximos encuentros, se convocar\u00e1 representantes de instituciones estatales, asociaciones civiles y organizaciones sociales involucradas en el abordaje de la problem\u00e1tica y que tengan sede y\/o desarrollen sus funciones en el territorio; y a referentes comunitarios\/barriales que trabajen la tem\u00e1tica en el distrito para seguir fortaleciendo la iniciativa.<\/p>\n","protected":false},"excerpt":{"rendered":"<p>Desde las Direcciones de Desarrollo Social y Atenci\u00f3n Primaria de la Salud del municipio de Lober\u00eda, se convoc\u00f3 el primer encuentro para la conformaci\u00f3n de la Mesa Local Intersectorial para la Prevenci\u00f3n y Atenci\u00f3n Integral de la Violencia Familiar y por Razones de G\u00e9nero, creada por la ordenanza 2421\/2020. Participaron autoridades judiciales, fuerzas de seguridad, [&hellip;]<\/p>\n","protected":false},"author":3,"featured_media":74352,"comment_status":"closed","ping_status":"closed","sticky":false,"template":"","format":"standard","meta":{"footnotes":""},"categories":[4],"tags":[],"class_list":{"0":"post-74351","1":"post","2":"type-post","3":"status-publish","4":"format-standard","5":"has-post-thumbnail","7":"category-actualidad"},"_links":{"self":[{"href":"https:\/\/primicias2262.com\/noticias\/wp-json\/wp\/v2\/posts\/74351","targetHints":{"allow":["GET"]}}],"collection":[{"href":"https:\/\/primicias2262.com\/noticias\/wp-json\/wp\/v2\/posts"}],"about":[{"href":"https:\/\/primicias2262.com\/noticias\/wp-json\/wp\/v2\/types\/post"}],"author":[{"embeddable":true,"href":"https:\/\/primicias2262.com\/noticias\/wp-json\/wp\/v2\/users\/3"}],"replies":[{"embeddable":true,"href":"https:\/\/primicias2262.com\/noticias\/wp-json\/wp\/v2\/comments?post=74351"}],"version-history":[{"count":0,"href":"https:\/\/primicias2262.com\/noticias\/wp-json\/wp\/v2\/posts\/74351\/revisions"}],"wp:featuredmedia":[{"embeddable":true,"href":"https:\/\/primicias2262.com\/noticias\/wp-json\/"}],"wp:attachment":[{"href":"https:\/\/primicias2262.com\/noticias\/wp-json\/wp\/v2\/media?parent=74351"}],"wp:term":[{"taxonomy":"category","embeddable":true,"href":"https:\/\/primicias2262.com\/noticias\/wp-json\/wp\/v2\/categories?post=74351"},{"taxonomy":"post_tag","embeddable":true,"href":"https:\/\/primicias2262.com\/noticias\/wp-json\/wp\/v2\/tags?post=74351"}],"curies":[{"name":"wp","href":"https:\/\/api.w.org\/{rel}","templated":true}]}}