{"id":74362,"date":"2021-03-23T14:59:25","date_gmt":"2021-03-23T17:59:25","guid":{"rendered":"https:\/\/primicias2262.com\/?p=74362"},"modified":"2021-03-23T14:59:25","modified_gmt":"2021-03-23T17:59:25","slug":"cerco-de-villa-del-parque-la-comuna-nos-amojono-el-lugar-para-seguir-la-linea-de-la-concesion-otorgada","status":"publish","type":"post","link":"https:\/\/primicias2262.com\/noticias\/cerco-de-villa-del-parque-la-comuna-nos-amojono-el-lugar-para-seguir-la-linea-de-la-concesion-otorgada\/","title":{"rendered":"Cerco de Villa del Parque: \u201cLa comuna nos amojon\u00f3 el lugar para seguir la l\u00ednea de la concesi\u00f3n otorgada\u201d"},"content":{"rendered":"<p><strong>Tras las im\u00e1genes que aparecieron replicadas en redes sociales sobre el alambrado que se est\u00e1 colocando en inmediaciones del predio de Villa del Parque, en Av. 10 y Pino del Jap\u00f3n, se refiri\u00f3 el presidente de la instituci\u00f3n del \u201cLe\u00f3n de la Playa\u201d, Adolfo \u201cFito\u201d \u00c1vila, haciendo \u00e9nfasis en que \u201cseguimos la l\u00ednea que corresponde a la concesi\u00f3n otorgada por la comuna\u201d y apuntando contra los dirigentes del MSR local y Centro Cultura, Mara Laxalt y Juan Marraro, respectivamente, por las im\u00e1genes compartidas.<\/strong><\/p>\n<p>El directivo de Villa fue entrevistado v\u00eda telef\u00f3nica por el periodista Jorge G\u00f3mez en \u201cVoces de la Ciudad\u201d, donde inform\u00f3 el trasfondo de la decisi\u00f3n de alambrar el \u00e1rea de concesi\u00f3n que le corresponde al club, una cuesti\u00f3n que gener\u00f3 confusi\u00f3n y quejas en algunos sectores de la comunidad. \u201cEfectivamente hemos sido v\u00edctimas de vandalismo varias veces, nos han sustra\u00eddo unos cables subterr\u00e1neos de alto costo y hemos sido v\u00edctimas de robo porque el lugar no se encuentra cercado\u201d.<\/p>\n<p>Sigui\u00f3 explicando que \u201cera condici\u00f3n de la Municipalidad que en un tiempo prudencial nosotros ten\u00edamos que efectuar ese trabajo, y estaba dentro del pliego de bases y condiciones al momento de la concesi\u00f3n, pero nosotros por cuestiones de costo no lo fuimos haciendo, aunque los reiterados actos de vandalismo y el paso de motos a alta velocidad por el medio del predio donde est\u00e1n los chicos haciendo deporte nos provocaba absoluta incomodidad, e incluso en alguna oportunidad fuimos intimados para generar una regularizaci\u00f3n y poner un cerco seguro, ya que hab\u00edamos tratado de colocar algunos troncos para impedir la circulaci\u00f3n, pero los robaban permanentemente\u201d.<\/p>\n<p>Por lo tanto, \u00c1vila destac\u00f3 que \u201ccon un gran esfuerzo econ\u00f3mico, el club decidi\u00f3 empezar a cercar lo que le corresponde al predio concesionado, e inclusive fue la Municipalidad la que nos amojon\u00f3 el lugar para que nosotros sigamos la l\u00ednea que corresponde a la concesi\u00f3n otorgada por la comuna, tal cual lo hicieron todos los campings que est\u00e1n ubicados a la vera del mar, est\u00e1n cercados por cuestiones de seguridad l\u00f3gica\u201d.<\/p>\n<p>En cuanto a la cuesti\u00f3n geogr\u00e1fica, el dirigente inform\u00f3 que \u201cestamos en Av. 10 y Pino del Jap\u00f3n, y el l\u00edmite de la concesi\u00f3n nuestra hacia adentro es el lugar conocido como \u201cEl t\u00fanel\u201d, y la comisi\u00f3n directiva nuestra con buen criterio decidi\u00f3 retirarse unos 12 metros para adentro de tal manera que la primera imagen de alguien que anda circulando por \u201cEl t\u00fanel\u201d no sea un alambrado\u201d.<\/p>\n<p>Y a partir de toda esa explicaci\u00f3n que deja bien en claro la realizaci\u00f3n de los trabajos, \u00c1vila apunt\u00f3 con nombre y apellido contra personas que en las redes sociales compartieron las im\u00e1genes, generando ciertas suspicacias. \u201cEst\u00e1 todo autorizado y se pone en valor una instituci\u00f3n deportiva. Nosotros no vamos a tocar ning\u00fan \u00e1rbol, y no haremos ning\u00fan da\u00f1o al parque, pero Algunos dirigentes pol\u00edticos compartieron im\u00e1genes producto de la ignorancia\u201d, dispar\u00f3.<\/p>\n<p><strong>El descontento con Mara Laxalt y Juan Marraro<\/strong><\/p>\n<p>En tal sentido, cont\u00f3 que \u201cvi una publicaci\u00f3n de Mara Laxalt (referente de MSR) y me extra\u00f1\u00f3 mucho porque ella es una dirigente a quien he conocido trabajando en entidades intermedias, defensora de los trabajos y del bienestar de la gente y de los chicos, y que salga con este tipo de comentarios que perjudica a una instituci\u00f3n a m\u00ed realmente me llam\u00f3 la atenci\u00f3n. Quiero pensar que es producto del desconocimiento, pero cuando uno tiene muchos seguidores lo primero que tiene que hacer es averiguar, porque puede causar mucho da\u00f1o\u201d.<\/p>\n<p>Asimismo, con el presidente del Centro Cultural local, Juan Marraro, quien comparti\u00f3 las im\u00e1genes: \u201cCreo que cuando \u00e9l se va de la biblioteca y terminan las actividades no deja la puerta abierta\u2026 quiz\u00e1 tenga que hacer \u00e9l tambi\u00e9n un llamado a la reflexi\u00f3n, porque \u00e9l tambi\u00e9n est\u00e1 en una entidad intermedia. En nuestro caso estamos todos poni\u00e9ndole el pecho para muchos chicos de la ciudad que hacen deporte\u201d, concluy\u00f3.<\/p>\n","protected":false},"excerpt":{"rendered":"<p>Tras las im\u00e1genes que aparecieron replicadas en redes sociales sobre el alambrado que se est\u00e1 colocando en inmediaciones del predio de Villa del Parque, en Av. 10 y Pino del Jap\u00f3n, se refiri\u00f3 el presidente de la instituci\u00f3n del \u201cLe\u00f3n de la Playa\u201d, Adolfo \u201cFito\u201d \u00c1vila, haciendo \u00e9nfasis en que \u201cseguimos la l\u00ednea que corresponde [&hellip;]<\/p>\n","protected":false},"author":3,"featured_media":74363,"comment_status":"closed","ping_status":"closed","sticky":false,"template":"","format":"standard","meta":{"footnotes":""},"categories":[3],"tags":[],"class_list":{"0":"post-74362","1":"post","2":"type-post","3":"status-publish","4":"format-standard","5":"has-post-thumbnail","7":"category-masnoticias"},"_links":{"self":[{"href":"https:\/\/primicias2262.com\/noticias\/wp-json\/wp\/v2\/posts\/74362","targetHints":{"allow":["GET"]}}],"collection":[{"href":"https:\/\/primicias2262.com\/noticias\/wp-json\/wp\/v2\/posts"}],"about":[{"href":"https:\/\/primicias2262.com\/noticias\/wp-json\/wp\/v2\/types\/post"}],"author":[{"embeddable":true,"href":"https:\/\/primicias2262.com\/noticias\/wp-json\/wp\/v2\/users\/3"}],"replies":[{"embeddable":true,"href":"https:\/\/primicias2262.com\/noticias\/wp-json\/wp\/v2\/comments?post=74362"}],"version-history":[{"count":0,"href":"https:\/\/primicias2262.com\/noticias\/wp-json\/wp\/v2\/posts\/74362\/revisions"}],"wp:featuredmedia":[{"embeddable":true,"href":"https:\/\/primicias2262.com\/noticias\/wp-json\/"}],"wp:attachment":[{"href":"https:\/\/primicias2262.com\/noticias\/wp-json\/wp\/v2\/media?parent=74362"}],"wp:term":[{"taxonomy":"category","embeddable":true,"href":"https:\/\/primicias2262.com\/noticias\/wp-json\/wp\/v2\/categories?post=74362"},{"taxonomy":"post_tag","embeddable":true,"href":"https:\/\/primicias2262.com\/noticias\/wp-json\/wp\/v2\/tags?post=74362"}],"curies":[{"name":"wp","href":"https:\/\/api.w.org\/{rel}","templated":true}]}}