{"id":74365,"date":"2021-03-23T09:00:35","date_gmt":"2021-03-23T12:00:35","guid":{"rendered":"https:\/\/primicias2262.com\/?p=74365"},"modified":"2021-03-23T09:00:35","modified_gmt":"2021-03-23T12:00:35","slug":"abad-vamos-a-trabajar-desde-el-radicalismo-para-liderar-la-coalicion-opositora","status":"publish","type":"post","link":"https:\/\/primicias2262.com\/noticias\/abad-vamos-a-trabajar-desde-el-radicalismo-para-liderar-la-coalicion-opositora\/","title":{"rendered":"Abad: \u00abVamos a trabajar desde el radicalismo para liderar la coalici\u00f3n opositora\u00bb"},"content":{"rendered":"<p>Maximiliano Abad, quien result\u00f3 electo nuevo titular del Comit\u00e9 Provincia de la UCR de Buenos Aires al imponerse sobre la lista que postulaba a Gustavo Posse, reiter\u00f3 que \u201cla UCR quiere que el pr\u00f3ximo Gobernador y el pr\u00f3ximo Presidente sean radicales\u201d.<\/p>\n<p>El electo titular del Comit\u00e9 Provincia de la UCR, Maximiliano Abad, asegur\u00f3 este martes que el radicalismo debe trabajar \u201cen el marco de una coalici\u00f3n amplia, pero sobre todas las cosas vamos a trabajar para que la UCR pueda liderar esa coalici\u00f3n\u201d.<\/p>\n<p>Abad, quien result\u00f3 electo nuevo titular del Comit\u00e9 Provincia de la UCR de Buenos Aires al imponerse sobre la lista que postulaba a Gustavo Posse, reiter\u00f3 que \u201cla UCR quiere que el pr\u00f3ximo Gobernador (bonaerense) y el pr\u00f3ximo Presidente sean radicales\u201d.<\/p>\n<p>Al hablar con el El Destape Radio,\u00a0<strong>consider\u00f3 que la elecci\u00f3n del domingo, donde m\u00e1s de 100.000 afiliados se movilizaron para votar en las internas partidarias, implican \u201cla ratificaci\u00f3n de que el radicalismo se puso en valor,<\/strong>\u00a0y queremos liderar la coalici\u00f3n pero tambi\u00e9n hay que sostener la unidad opositora, para que haya alternancia al actual modelo en la provincia y tambi\u00e9n el orden nacional\u201d.<\/p>\n<p><strong>\u201cAspiramos a hacer una gran elecci\u00f3n en 2021 y volver al poder en 2023\u201d<\/strong>, sintetiz\u00f3.<\/p>\n<p>Al ser consultado sobre si en el marco de la pandemia deben realizarse\u00a0<strong>las PASO<\/strong>\u00a0en las fechas previstas, indic\u00f3 que<strong>\u00a0\u201cla postura del radicalismo es que no se deben suspender y muchos menos derogar, ya que es un sistema electoral que ha oxigenado la representaci\u00f3n de los partidos\u201d.<\/strong><\/p>\n<p>\u201cEn principio digo que no deber\u00edan aplazarse si es que la situaci\u00f3n de la pandemia sigue como hoy. Si la situaci\u00f3n se desmadra siempre es una posibilidad a evaluar (la postergaci\u00f3n), pero en principio te dir\u00eda que no\u201d, sostuvo.<\/p>\n<p><strong>Sobre las tensiones con el PRO dentro de Cambiemos\u00a0<\/strong>consider\u00f3 que \u201csiempre hay tensiones en una coalici\u00f3n opositora. Pero para construir alternancia hay que hacerlo en el marco de una coalici\u00f3n\u201d.<\/p>\n<p>\u201cTenemos que construir un programa hacia adelante y el programa debe ser el l\u00edmite. El programa tiene que fijar claramente las cosas que vamos a hacer si volvemos al poder, m\u00e1s all\u00e1 de las declaraciones individuales de los dirigentes\u201d, concluy\u00f3.<\/p>\n","protected":false},"excerpt":{"rendered":"<p>Maximiliano Abad, quien result\u00f3 electo nuevo titular del Comit\u00e9 Provincia de la UCR de Buenos Aires al imponerse sobre la lista que postulaba a Gustavo Posse, reiter\u00f3 que \u201cla UCR quiere que el pr\u00f3ximo Gobernador y el pr\u00f3ximo Presidente sean radicales\u201d. El electo titular del Comit\u00e9 Provincia de la UCR, Maximiliano Abad, asegur\u00f3 este martes [&hellip;]<\/p>\n","protected":false},"author":3,"featured_media":74366,"comment_status":"closed","ping_status":"closed","sticky":false,"template":"","format":"standard","meta":{"footnotes":""},"categories":[4],"tags":[],"class_list":{"0":"post-74365","1":"post","2":"type-post","3":"status-publish","4":"format-standard","5":"has-post-thumbnail","7":"category-actualidad"},"_links":{"self":[{"href":"https:\/\/primicias2262.com\/noticias\/wp-json\/wp\/v2\/posts\/74365","targetHints":{"allow":["GET"]}}],"collection":[{"href":"https:\/\/primicias2262.com\/noticias\/wp-json\/wp\/v2\/posts"}],"about":[{"href":"https:\/\/primicias2262.com\/noticias\/wp-json\/wp\/v2\/types\/post"}],"author":[{"embeddable":true,"href":"https:\/\/primicias2262.com\/noticias\/wp-json\/wp\/v2\/users\/3"}],"replies":[{"embeddable":true,"href":"https:\/\/primicias2262.com\/noticias\/wp-json\/wp\/v2\/comments?post=74365"}],"version-history":[{"count":0,"href":"https:\/\/primicias2262.com\/noticias\/wp-json\/wp\/v2\/posts\/74365\/revisions"}],"wp:featuredmedia":[{"embeddable":true,"href":"https:\/\/primicias2262.com\/noticias\/wp-json\/"}],"wp:attachment":[{"href":"https:\/\/primicias2262.com\/noticias\/wp-json\/wp\/v2\/media?parent=74365"}],"wp:term":[{"taxonomy":"category","embeddable":true,"href":"https:\/\/primicias2262.com\/noticias\/wp-json\/wp\/v2\/categories?post=74365"},{"taxonomy":"post_tag","embeddable":true,"href":"https:\/\/primicias2262.com\/noticias\/wp-json\/wp\/v2\/tags?post=74365"}],"curies":[{"name":"wp","href":"https:\/\/api.w.org\/{rel}","templated":true}]}}