{"id":74374,"date":"2021-03-20T22:09:00","date_gmt":"2021-03-21T01:09:00","guid":{"rendered":"https:\/\/primicias2262.com\/?p=74374"},"modified":"2021-03-20T22:09:00","modified_gmt":"2021-03-21T01:09:00","slug":"se-registraron-otras-dos-muertes-por-covid-y-crecen-los-contagios-diarios","status":"publish","type":"post","link":"https:\/\/primicias2262.com\/noticias\/se-registraron-otras-dos-muertes-por-covid-y-crecen-los-contagios-diarios\/","title":{"rendered":"Se registraron otras dos muertes por Covid y crecen los contagios diarios"},"content":{"rendered":"<p><strong>El reporte epidemiol\u00f3gico de este martes por parte de la Secretar\u00eda de Salud trajo la lamentable noticia del fallecimiento en las \u00faltimas horas de otras dos personas por coronavirus, por lo que el n\u00famero de muertes en el distrito creci\u00f3 a 67. Adem\u00e1s, tambi\u00e9n creci\u00f3 la estad\u00edstica de contagios diarios, ya que se registraron 44 nuevos casos y nuevamente se super\u00f3 la barrera de los 200 activos.<\/strong><\/p>\n<p>En consecuencia, en la actualidad los positivos con coronavirus en el distrito son 208 pacientes, de los cuales 206 son de Necochea y Quequ\u00e9n, uno de Juan N. Fern\u00e1ndez y uno de La Dulce.<\/p>\n<p>Mientras tanto, 144 hisopados dieron resultado negativo y 15 pacientes fueron dados de alta.<\/p>\n<p><img loading=\"lazy\" decoding=\"async\" class=\"aligncenter size-full wp-image-74375\" src=\"https:\/\/primicias2262.com\/wp-content\/uploads\/2021\/03\/placa-23-03.jpg\" alt=\"\" width=\"1280\" height=\"819\" \/><\/p>\n","protected":false},"excerpt":{"rendered":"<p>El reporte epidemiol\u00f3gico de este martes por parte de la Secretar\u00eda de Salud trajo la lamentable noticia del fallecimiento en las \u00faltimas horas de otras dos personas por coronavirus, por lo que el n\u00famero de muertes en el distrito creci\u00f3 a 67. Adem\u00e1s, tambi\u00e9n creci\u00f3 la estad\u00edstica de contagios diarios, ya que se registraron 44 [&hellip;]<\/p>\n","protected":false},"author":3,"featured_media":72206,"comment_status":"closed","ping_status":"closed","sticky":false,"template":"","format":"standard","meta":{"footnotes":""},"categories":[3],"tags":[],"class_list":{"0":"post-74374","1":"post","2":"type-post","3":"status-publish","4":"format-standard","5":"has-post-thumbnail","7":"category-masnoticias"},"_links":{"self":[{"href":"https:\/\/primicias2262.com\/noticias\/wp-json\/wp\/v2\/posts\/74374","targetHints":{"allow":["GET"]}}],"collection":[{"href":"https:\/\/primicias2262.com\/noticias\/wp-json\/wp\/v2\/posts"}],"about":[{"href":"https:\/\/primicias2262.com\/noticias\/wp-json\/wp\/v2\/types\/post"}],"author":[{"embeddable":true,"href":"https:\/\/primicias2262.com\/noticias\/wp-json\/wp\/v2\/users\/3"}],"replies":[{"embeddable":true,"href":"https:\/\/primicias2262.com\/noticias\/wp-json\/wp\/v2\/comments?post=74374"}],"version-history":[{"count":0,"href":"https:\/\/primicias2262.com\/noticias\/wp-json\/wp\/v2\/posts\/74374\/revisions"}],"wp:featuredmedia":[{"embeddable":true,"href":"https:\/\/primicias2262.com\/noticias\/wp-json\/"}],"wp:attachment":[{"href":"https:\/\/primicias2262.com\/noticias\/wp-json\/wp\/v2\/media?parent=74374"}],"wp:term":[{"taxonomy":"category","embeddable":true,"href":"https:\/\/primicias2262.com\/noticias\/wp-json\/wp\/v2\/categories?post=74374"},{"taxonomy":"post_tag","embeddable":true,"href":"https:\/\/primicias2262.com\/noticias\/wp-json\/wp\/v2\/tags?post=74374"}],"curies":[{"name":"wp","href":"https:\/\/api.w.org\/{rel}","templated":true}]}}