{"id":74377,"date":"2021-03-23T22:20:21","date_gmt":"2021-03-24T01:20:21","guid":{"rendered":"https:\/\/primicias2262.com\/?p=74377"},"modified":"2021-03-23T22:20:21","modified_gmt":"2021-03-24T01:20:21","slug":"plantaron-22-arboles-a-la-memoria-de-los-detenidos-desaparecidos-locales","status":"publish","type":"post","link":"https:\/\/primicias2262.com\/noticias\/plantaron-22-arboles-a-la-memoria-de-los-detenidos-desaparecidos-locales\/","title":{"rendered":"Plantaron 22 \u00e1rboles a la memoria de los detenidos\/desaparecidos locales"},"content":{"rendered":"<p><strong>En la v\u00edspera del 45\u00b0 aniversario del golpe c\u00edvico y militar en nuestro pa\u00eds, se desarroll\u00f3 el acto por el D\u00eda Nacional por la Memoria, la Verdad y la Justicia, en el cual se plantaron 22 \u00e1rboles detr\u00e1s de la Escuela Municipal de Artes, para recordar a parte de los detenidos\/desaparecidos de nuestra ciudad.<\/strong><\/p>\n<p>Justamente, familiares y amigos de los homenajeados fueron los encargados de llevar adelante la tarea, en el marco de un programa creado por el gobierno nacional denominado \u201cPlantamos memoria\u201d, y el acto fue organizado por la Municipalidad y encabezado por el intendente, Arturo Rojas.<\/p>\n<p>Previo a la plantaci\u00f3n de las especies arb\u00f3reas, el encargado de dar las palabras de bienvenidas y explicar el por qu\u00e9 de esta iniciativa fue el director de Relaciones con la Comunidad y Derechos Humanos, Ger\u00f3nimo Gallegos, quien agradeci\u00f3 la presencia de todos y destac\u00f3 el trabajo realizado por todas las \u00e1reas municipales para llevar adelante el mismo.<\/p>\n<p>Posteriormente, el historiador Alejandro Andersen fue quien tom\u00f3 la palabra y destac\u00f3 que \u201cla memoria es un verbo disfrazado de sustantivo, porque s\u00f3lo es posible en la acci\u00f3n\u201d, apuntando que \u201cla memoria se milita, se siembra, se planta, se ejerce, convoca, resiste y abraza\u201d.<\/p>\n<p><iframe loading=\"lazy\" title=\"Se plantaron 22 \u00e1rboles por el D\u00eda Nacional por la Memoria, la Verdad y la Justicia\" width=\"696\" height=\"392\" src=\"https:\/\/www.youtube.com\/embed\/5Y-vy4vPTDI?feature=oembed\" frameborder=\"0\" allow=\"accelerometer; autoplay; clipboard-write; encrypted-media; gyroscope; picture-in-picture\" allowfullscreen><\/iframe><\/p>\n<p>Continuando con su alocuci\u00f3n, afirm\u00f3 que \u201cla memoria cambia de forma, porque se vuelve plaza, espacio, paseo, lugar, sitio, marca y en ese cambio de forma se realiza\u201d. Ante la atenta mirada de los presentes, destac\u00f3, adem\u00e1s, que \u201cla memoria no reconstruye el pasado, sino que absorbe el pasado y lo convierte en presente eterno: ahora y siempre, decimos siempre\u2026 por eso es proyecto, es vida y es futuro\u201d.<\/p>\n<p>Tras sostener que \u201cnunca debemos detener la lucha de hacer realidad, alg\u00fan d\u00eda, m\u00e1s temprano que tarde, los sue\u00f1os de vivir en una sociedad igualitaria, que quedaron congelados en la Dictadura\u201d, afirm\u00f3 que \u201cesa es nuestra misi\u00f3n\u201d.<\/p>\n<p>Andersen reconoci\u00f3 que \u201cla Municipalidad de Necochea puso a disposici\u00f3n todas las herramientas que tiene un Estado para que ahora, en este momento, tengamos este encuentro\u201d, indicando que \u201choy alcanzamos un objetivo, que es que el Estado municipal asuma la responsabilidad indelegable de desplegar pol\u00edticas p\u00fablicas de memoria, verdad y justicia\u201d.<\/p>\n<p><img loading=\"lazy\" decoding=\"async\" class=\"aligncenter size-full wp-image-74380\" src=\"https:\/\/primicias2262.com\/wp-content\/uploads\/2021\/03\/plantacion.jpeg\" alt=\"\" width=\"1280\" height=\"853\" \/><\/p>\n<p>El historiador dijo que \u201ca 45 a\u00f1os del Golpe Militar seguimos encontr\u00e1ndonos para manifestar los mismos repudios de siempre contra los cr\u00edmenes de lesa humanidad, contra las miles de desapariciones forzadas, contra los asesinatos, la tortura, el robo de beb\u00e9s, los centros clandestinos de detenci\u00f3n\u201d, a\u00f1adiendo que \u201cNecochea no estuvo exenta de la maquinaria del terror: todav\u00eda se florea por nuestras calles y veredas el entonces comisario (H\u00e9ctor) Bicarelli, quien fue juzgado y condenado por su participaci\u00f3n en el terrorismo de Estado\u201d.<\/p>\n<p>\u201cNo olvidamos, no perdonamos, no nos reconciliamos\u2026 Juicio y castigo, cumplimiento efectivo de las condenas, investigaci\u00f3n de las complicidades civiles, empresariales, eclesi\u00e1sticas y judiciales. Aparici\u00f3n de las 400 nietas y nietos cuya identidad est\u00e1 pendiente de restituci\u00f3n\u2026 Son 30 mil, fue genocidio\u201d, cerr\u00f3.<\/p>\n<p><img loading=\"lazy\" decoding=\"async\" class=\"aligncenter size-full wp-image-74378\" src=\"https:\/\/primicias2262.com\/wp-content\/uploads\/2021\/03\/hansen.jpeg\" alt=\"\" width=\"1280\" height=\"853\" \/><\/p>\n<p>Para finalizar el acto, se plantaron \u00e1rboles en memoria de Silvia Albores, Claudio de Acha, Am\u00edlcar Fuentes, Edgardo Fuentes, Mar\u00eda Beatriz Garc\u00eda, Daniel Garramone, Susana In\u00e9s Haristeguy, Patricia Huchansky, Saturnino Ianni, Roberto Ib\u00e1\u00f1ez, Roberto Lorenzo, Aldo Malmierca, Dora Rita Mercero, Juan Felipe Miyares, Rub\u00e9n Molina, Roberto Porfidio, Alfredo Reim, Jos\u00e9 Juan Ricchezza, Graciela Sagues, Luis Alberto Sotuyo, N\u00e9lida Vieytes y Maril\u00fa Zabala.<\/p>\n","protected":false},"excerpt":{"rendered":"<p>En la v\u00edspera del 45\u00b0 aniversario del golpe c\u00edvico y militar en nuestro pa\u00eds, se desarroll\u00f3 el acto por el D\u00eda Nacional por la Memoria, la Verdad y la Justicia, en el cual se plantaron 22 \u00e1rboles detr\u00e1s de la Escuela Municipal de Artes, para recordar a parte de los detenidos\/desaparecidos de nuestra ciudad. Justamente, [&hellip;]<\/p>\n","protected":false},"author":3,"featured_media":74379,"comment_status":"closed","ping_status":"closed","sticky":false,"template":"","format":"standard","meta":{"footnotes":""},"categories":[3],"tags":[],"class_list":{"0":"post-74377","1":"post","2":"type-post","3":"status-publish","4":"format-standard","5":"has-post-thumbnail","7":"category-masnoticias"},"_links":{"self":[{"href":"https:\/\/primicias2262.com\/noticias\/wp-json\/wp\/v2\/posts\/74377","targetHints":{"allow":["GET"]}}],"collection":[{"href":"https:\/\/primicias2262.com\/noticias\/wp-json\/wp\/v2\/posts"}],"about":[{"href":"https:\/\/primicias2262.com\/noticias\/wp-json\/wp\/v2\/types\/post"}],"author":[{"embeddable":true,"href":"https:\/\/primicias2262.com\/noticias\/wp-json\/wp\/v2\/users\/3"}],"replies":[{"embeddable":true,"href":"https:\/\/primicias2262.com\/noticias\/wp-json\/wp\/v2\/comments?post=74377"}],"version-history":[{"count":0,"href":"https:\/\/primicias2262.com\/noticias\/wp-json\/wp\/v2\/posts\/74377\/revisions"}],"wp:featuredmedia":[{"embeddable":true,"href":"https:\/\/primicias2262.com\/noticias\/wp-json\/"}],"wp:attachment":[{"href":"https:\/\/primicias2262.com\/noticias\/wp-json\/wp\/v2\/media?parent=74377"}],"wp:term":[{"taxonomy":"category","embeddable":true,"href":"https:\/\/primicias2262.com\/noticias\/wp-json\/wp\/v2\/categories?post=74377"},{"taxonomy":"post_tag","embeddable":true,"href":"https:\/\/primicias2262.com\/noticias\/wp-json\/wp\/v2\/tags?post=74377"}],"curies":[{"name":"wp","href":"https:\/\/api.w.org\/{rel}","templated":true}]}}