{"id":74385,"date":"2021-03-24T12:55:03","date_gmt":"2021-03-24T15:55:03","guid":{"rendered":"https:\/\/primicias2262.com\/?p=74385"},"modified":"2021-03-24T12:55:03","modified_gmt":"2021-03-24T15:55:03","slug":"el-gobierno-analiza-la-aplicacion-de-medidas-restrictivas-en-las-fronteras","status":"publish","type":"post","link":"https:\/\/primicias2262.com\/noticias\/el-gobierno-analiza-la-aplicacion-de-medidas-restrictivas-en-las-fronteras\/","title":{"rendered":"El Gobierno analiza la aplicaci\u00f3n de medidas restrictivas en las fronteras"},"content":{"rendered":"<p>El jefe de Gabinete Santiago Cafiero se reuni\u00f3 con el ministro de Transporte, Mario Meoni, m\u00e1s funcionarios del Ministerio de Salud y de la Secretaria Legal y T\u00e9cnica para definir en los pr\u00f3ximos d\u00edas\u00a0<strong>medidas restrictiva<\/strong>s que desalienten el ingreso de argentinos del exterior por causas de la pandemia Covid-19, entre ellas\u00a0<strong>que los argentinos que ingresen desde el exterior se paguen ellos mismos los testeos contra el coronavirus.<\/strong><\/p>\n<p>Adem\u00e1s, el Gobierno trabaja en definir\u00a0<strong>\u00abmedidas complementarias\u00bb\u00a0<\/strong>que podr\u00edan apuntar a endurecer las restricciones para el ingreso de argentinos al territorio nacional, \u00aben especial desde Brasil\u00bb, indicaron fuentes de Jefatura de Gabinete.<\/p>\n<p>Esas medidas<strong>\u00a0\u00abse implementar\u00e1n desde el fin de semana\u00bb pr\u00f3ximo,\u00a0<\/strong>adelantaron, y\u00a0<strong>\u00abrestringir\u00e1n el movimiento tur\u00edstico hacia y desde el exterior en el fin de semana largo de Semana Santa\u00bb,\u00a0<\/strong>completaron.<\/p>\n<p>Adem\u00e1s, se trabaja en\u00a0<strong>reducir \u00abfuertemente\u00bb el ingreso de personas desde Brasil\u00a0<\/strong>a partir de \u00abdr\u00e1sticas restricciones\u00bb de la frecuencia de vuelos que llegan a la Argentina desde ese pa\u00eds.<\/p>\n<p>En paralelo, las autoridades provinciales implementar\u00e1n\u00a0<strong>medidas para realizar un \u00abseguimiento exhaustivo\u00bb<\/strong>\u00a0de los ciudadanos que arriben con Covid positivo,<strong>\u00a0con el objeto de que cumplan estrictamente con la cuarentena establecida<\/strong>\u00a0para esos casos, a\u00f1adieron las fuentes.<\/p>\n","protected":false},"excerpt":{"rendered":"<p>El jefe de Gabinete Santiago Cafiero se reuni\u00f3 con el ministro de Transporte, Mario Meoni, m\u00e1s funcionarios del Ministerio de Salud y de la Secretaria Legal y T\u00e9cnica para definir en los pr\u00f3ximos d\u00edas\u00a0medidas restrictivas que desalienten el ingreso de argentinos del exterior por causas de la pandemia Covid-19, entre ellas\u00a0que los argentinos que ingresen [&hellip;]<\/p>\n","protected":false},"author":3,"featured_media":74386,"comment_status":"closed","ping_status":"closed","sticky":false,"template":"","format":"standard","meta":{"footnotes":""},"categories":[4],"tags":[],"class_list":{"0":"post-74385","1":"post","2":"type-post","3":"status-publish","4":"format-standard","5":"has-post-thumbnail","7":"category-actualidad"},"_links":{"self":[{"href":"https:\/\/primicias2262.com\/noticias\/wp-json\/wp\/v2\/posts\/74385","targetHints":{"allow":["GET"]}}],"collection":[{"href":"https:\/\/primicias2262.com\/noticias\/wp-json\/wp\/v2\/posts"}],"about":[{"href":"https:\/\/primicias2262.com\/noticias\/wp-json\/wp\/v2\/types\/post"}],"author":[{"embeddable":true,"href":"https:\/\/primicias2262.com\/noticias\/wp-json\/wp\/v2\/users\/3"}],"replies":[{"embeddable":true,"href":"https:\/\/primicias2262.com\/noticias\/wp-json\/wp\/v2\/comments?post=74385"}],"version-history":[{"count":0,"href":"https:\/\/primicias2262.com\/noticias\/wp-json\/wp\/v2\/posts\/74385\/revisions"}],"wp:featuredmedia":[{"embeddable":true,"href":"https:\/\/primicias2262.com\/noticias\/wp-json\/"}],"wp:attachment":[{"href":"https:\/\/primicias2262.com\/noticias\/wp-json\/wp\/v2\/media?parent=74385"}],"wp:term":[{"taxonomy":"category","embeddable":true,"href":"https:\/\/primicias2262.com\/noticias\/wp-json\/wp\/v2\/categories?post=74385"},{"taxonomy":"post_tag","embeddable":true,"href":"https:\/\/primicias2262.com\/noticias\/wp-json\/wp\/v2\/tags?post=74385"}],"curies":[{"name":"wp","href":"https:\/\/api.w.org\/{rel}","templated":true}]}}