{"id":74388,"date":"2021-03-24T13:04:24","date_gmt":"2021-03-24T16:04:24","guid":{"rendered":"https:\/\/primicias2262.com\/?p=74388"},"modified":"2021-03-24T13:04:24","modified_gmt":"2021-03-24T16:04:24","slug":"blumberg-pidio-que-no-liberen-a-uno-de-los-asesinos-de-axel","status":"publish","type":"post","link":"https:\/\/primicias2262.com\/noticias\/blumberg-pidio-que-no-liberen-a-uno-de-los-asesinos-de-axel\/","title":{"rendered":"Blumberg pidi\u00f3 que no liberen a uno de los asesinos de Axel"},"content":{"rendered":"<div class=\"wrapper-editable-content\">\n<div class=\"editable-content clearfix\">Juan Carlos Blumberg, padre de Axel, el joven de 23 a\u00f1os secuestrado y asesinado en 2004, le pidi\u00f3 al tribunal que juzg\u00f3 a la banda que cometi\u00f3 el crimen que rechace los pedidos de libertad condicional o salidas transitorias que volvi\u00f3 a pedir uno de los tres delincuentes que particip\u00f3 de la ejecuci\u00f3n de su hijo, informaron este mi\u00e9rcoles fuentes judiciales.<\/p>\n<p><strong>El condenado que por quinto a\u00f1o consecutivo pidi\u00f3 a trav\u00e9s de su defensa recuperar su libertad es Carlos Sa\u00fal D\u00edaz (34), quien era menor de edad \u2013ten\u00eda 17 a\u00f1os-, cuando particip\u00f3 del secuestro extorsivo seguido de muerte de Axel y fue sentenciado a una pena de 20 a\u00f1os de prisi\u00f3n.<\/strong><\/p>\n<p>En un escrito dirigido al Tribunal Oral Federal (TOF) 2 de San Mart\u00edn,<strong>\u00a0el propio Blumberg; la mam\u00e1 de Axel, Mar\u00eda Elena Usonis; y tambi\u00e9n otras dos v\u00edctimas que fueron secuestradas por la misma banda, solicitan que se rechace el nuevo planteo que la defensa de D\u00edaz present\u00f3 en febrero pasado.<\/strong><\/p>\n<p>\u201cVenimos a reiterar y expresar nuestra opini\u00f3n desfavorable a la solicitud de salidas transitorias y de libertad condicional del reo en autos\u201d, se\u00f1ala el escrito con el que respondieron luego de que el tribunal, por la Ley de V\u00edctimas, les corriera vista y les pidiera opini\u00f3n sobre el planteo de la defensa<\/p>\n<p>Blumberg y las otras v\u00edctimas argumentaron que su \u201cfirme y decidida oposici\u00f3n\u201d a las salidas transitorias y a la libertad condicional de D\u00edaz surge \u201cno por capricho o resentimiento hacia el condenado, sino por los informes desfavorables\u201d del Servicio Penitenciario Federal (SPF) en torno a D\u00edaz.<\/p>\n<p><strong>\u201cHemos constatado que su arrepentimiento y comprensi\u00f3n de la culpa y el da\u00f1o causado, no est\u00e1n a\u00fan debidamente asumidos e internalizados, pues varios de los informes de los profesionales actuantes coinciden en que el encartado D\u00edaz tiene \u2018escasa capacidad cr\u00edtica ante los hechos cometidos\u201d<\/strong>, agregan las v\u00edctimas.<\/p>\n<p>En ese sentido, transcriben algunas de las conclusiones del Consejo Colegiado del SPF que desaconsej\u00f3 tanto las salidas transitorias como la libertad condicional y mencionaron \u201cla inestabilidad dentro de la progresividad del r\u00e9gimen penitenciario\u201d de D\u00edaz, que debe trabajar su \u201cregulaci\u00f3n emocional y tolerancia a la frustraci\u00f3n, que \u201cno ha tenido experiencia de convivencia en el medio libre\u201d y tampoco \u201cproyectos a largo plazo\u201d.<\/p>\n<p>Su hermano mayor, Jos\u00e9 Jer\u00f3nimo \u201cEl Negro\u201d D\u00edaz (40), condenado a prisi\u00f3n perpetua como presunto autor material del disparo que asesin\u00f3 a Axel, pidi\u00f3 el a\u00f1o pasado la prisi\u00f3n domiciliaria por temor a contagiarse coronavirus en la c\u00e1rcel federal de la ciudad chaque\u00f1a de Resistencia, pero el tribunal lo rechaz\u00f3.<\/p>\n<p><strong>Axel Blumberg (23), estudiante de ingenier\u00eda, fue secuestrado la noche del 17 de marzo de 2004, cerca de la casa de su novia en la localidad bonaerense de Mart\u00ednez.<\/strong><\/p>\n<p><strong>Su padre recibi\u00f3 llamados donde le ped\u00edan un rescate inicial de 50.000 pesos y, luego, bajaron las pretensiones a 14.500, que nunca fueron entregados\u00a0<\/strong>porque la banda fue interceptada por la polic\u00eda, hubo un tiroteo y escaparon en un auto blindado que le hab\u00edan robado a otro secuestrado.<\/p>\n<p><strong>Los secuestradores planeaban liberar a Axel luego de ese tiroteo, pero el joven escap\u00f3 del lugar donde estaba cautivo, en Moreno, fue recapturado y, como le vio las caras a sus captores, decidieron asesinarlo.<\/strong><\/p>\n<p>Adem\u00e1s de los hermanos D\u00edaz, los otros dos condenados que a\u00fan permanecen presos por el caso son Mart\u00edn \u00abEl Oso\u00bb Peralta (38), jefe de la banda, quien tambi\u00e9n cumple prisi\u00f3n perpetua y Sergio Dami\u00e1n Mi\u00f1o (32), otro que era menor al momento del crimen y fue sentenciado a 18 a\u00f1os de c\u00e1rcel.<\/p>\n<p>Seg\u00fan lo acreditado en el juicio oral y las confesiones de algunos miembros de la banda, Peralta y los dos dos hermanos D\u00edaz fueron lo que llevaron a ejecutar a Axel al descampado de La Reja donde apareci\u00f3 asesinado el 23 de marzo de ese a\u00f1o, con un tiro en la sien derecha efectuado con un arma calibre 38.<\/p>\n<div class=\"btn_externos\"><\/div>\n<\/div>\n<\/div>\n<div class=\"wrapper-tags\">\n<div class=\"tags-bar clearfix\">\n<ul>\n<li><\/li>\n<\/ul>\n<\/div>\n<\/div>\n","protected":false},"excerpt":{"rendered":"<p>Juan Carlos Blumberg, padre de Axel, el joven de 23 a\u00f1os secuestrado y asesinado en 2004, le pidi\u00f3 al tribunal que juzg\u00f3 a la banda que cometi\u00f3 el crimen que rechace los pedidos de libertad condicional o salidas transitorias que volvi\u00f3 a pedir uno de los tres delincuentes que particip\u00f3 de la ejecuci\u00f3n de su [&hellip;]<\/p>\n","protected":false},"author":3,"featured_media":74389,"comment_status":"closed","ping_status":"closed","sticky":false,"template":"","format":"standard","meta":{"footnotes":""},"categories":[4],"tags":[],"class_list":{"0":"post-74388","1":"post","2":"type-post","3":"status-publish","4":"format-standard","5":"has-post-thumbnail","7":"category-actualidad"},"_links":{"self":[{"href":"https:\/\/primicias2262.com\/noticias\/wp-json\/wp\/v2\/posts\/74388","targetHints":{"allow":["GET"]}}],"collection":[{"href":"https:\/\/primicias2262.com\/noticias\/wp-json\/wp\/v2\/posts"}],"about":[{"href":"https:\/\/primicias2262.com\/noticias\/wp-json\/wp\/v2\/types\/post"}],"author":[{"embeddable":true,"href":"https:\/\/primicias2262.com\/noticias\/wp-json\/wp\/v2\/users\/3"}],"replies":[{"embeddable":true,"href":"https:\/\/primicias2262.com\/noticias\/wp-json\/wp\/v2\/comments?post=74388"}],"version-history":[{"count":0,"href":"https:\/\/primicias2262.com\/noticias\/wp-json\/wp\/v2\/posts\/74388\/revisions"}],"wp:featuredmedia":[{"embeddable":true,"href":"https:\/\/primicias2262.com\/noticias\/wp-json\/"}],"wp:attachment":[{"href":"https:\/\/primicias2262.com\/noticias\/wp-json\/wp\/v2\/media?parent=74388"}],"wp:term":[{"taxonomy":"category","embeddable":true,"href":"https:\/\/primicias2262.com\/noticias\/wp-json\/wp\/v2\/categories?post=74388"},{"taxonomy":"post_tag","embeddable":true,"href":"https:\/\/primicias2262.com\/noticias\/wp-json\/wp\/v2\/tags?post=74388"}],"curies":[{"name":"wp","href":"https:\/\/api.w.org\/{rel}","templated":true}]}}