{"id":74399,"date":"2021-03-24T14:06:02","date_gmt":"2021-03-24T17:06:02","guid":{"rendered":"https:\/\/primicias2262.com\/?p=74399"},"modified":"2021-03-24T14:06:02","modified_gmt":"2021-03-24T17:06:02","slug":"pese-al-contexto-que-se-vive-fue-una-temporada-positiva-aseguro-marcela-garcia","status":"publish","type":"post","link":"https:\/\/primicias2262.com\/noticias\/pese-al-contexto-que-se-vive-fue-una-temporada-positiva-aseguro-marcela-garcia\/","title":{"rendered":"\u00abPese al contexto que se vive, fue una temporada positiva\u201d, asegur\u00f3 Marcela Garc\u00eda"},"content":{"rendered":"<p>La secretaria de Turismo, Marcela Garc\u00eda traz\u00f3 un balance bastante positivo de una temporada de verano absolutamente at\u00edpica, marcada por las condiciones de la pandemia, y que a\u00fan resta concluir con los feriados por Semana Santa.<\/p>\n<p>Al ser consultada por Jorge G\u00f3mez en el programa \u00abVoces de la ciudad\u00bb, la funcionaria recapitul\u00f3 que \u201cla temporada se hab\u00eda planificado de dos maneras: primero con noviembre para la llegada de los no residentes que tienen alojamiento en nuestra ciudad, y despu\u00e9s desde diciembre hasta el 4 de abril con la temporada en s\u00ed, extendida. En ese contexto podemos decir que fue una temporada positiva, a pesar de lo que estamos viviendo, aunque obviamente no se puede comparar con temporadas anteriores porque la situaci\u00f3n que estamos atravesando es incomparable\u201d.<\/p>\n<p>Dentro de ese marco, destac\u00f3 que \u201chubo uno o dos fines de semana pico, que tuvo que ver con la segunda quincena de enero donde hubo ocupaci\u00f3n de casi un 70%, y los que mayor \u00e9xito tuvieron fueron aquellas personas que alquilaron establecimiento de caba\u00f1as o apart\u201d, y si bien hubo establecimientos que decidieron no abrir las puertas, \u201cla mayor\u00eda decidi\u00f3 afrontar la temporada y hubo acompa\u00f1amiento de Provincia con el Fondo Municipal para el Turismo y la Cultura en dos oportunidades\u201d, rescat\u00f3.<\/p>\n<p>Por otro lado, se refiri\u00f3 a la baja temporada que se viene, y en ese sentido resalt\u00f3 una campa\u00f1a de promoci\u00f3n desde la Secretar\u00eda. \u201cEs la primera vez que vamos a salir con una campa\u00f1a de promoci\u00f3n tur\u00edstica ya que el a\u00f1o pasado no se pudo por los cuidados que hab\u00eda que tener. Salimos ahora con una promoci\u00f3n que se llama \u2018Respir\u00e1 Semana Santa, Respir\u00e1 Necochea\u2019, teniendo en cuenta que el turista durante el Covid y post Covid lo que m\u00e1s busca es el contacto con la naturaleza y nosotros en ese sentido lo tenemos todo\u201d.<\/p>\n<p>\u201cLa promoci\u00f3n -continu\u00f3- se est\u00e1 realizando en un radio de 500 kil\u00f3metros de nuestra ciudad, incluyendo Buenos Aires y CABA, pero teniendo en cuenta la parte sur. Fue la primera campa\u00f1a que pudimos lanzar y estamos muy esperanzados para seguir trabajando articuladamente entre el sector p\u00fablico y el sector privado, como se ha venido haciendo, que es la mejor manera de trabajar para desarrollar la actividad tur\u00edstica\u201d.<\/p>\n<p>Adem\u00e1s, revel\u00f3 que \u201cla idea de Arturo (Rojas) es tener en cuenta al turismo como una actividad econ\u00f3mica, por el efecto multiplicador que causa en la econom\u00eda, generaci\u00f3n de empleo, sentido de inversi\u00f3n y movimiento dentro de los comercios. En ese sentido venimos trabajando desde el a\u00f1o pasado, adem\u00e1s del producto que tenemos sol, playa y naturaleza, con el fortalecimiento otros productos, como el turismo de bienestar, con el espacio de las termas que tenemos a 30 kil\u00f3metros, e incluso haciendo un relevamiento de lugares emblem\u00e1ticos de la ciudad por la concentraci\u00f3n de energ\u00eda\u201d.<\/p>\n<p>\u201cTenemos que empezar a conocer nuestra ciudad para quererla, promocionarla y ser mejores anfitriones\u201d, asegur\u00f3, para cerrar informando que \u201cestamos trabajando articuladamente con Cultura de cara a Semana Santa, para armar una agenda con la idea de que sea de todo el a\u00f1o, y durante todos los fines de semana haya actividades\u201d.<\/p>\n","protected":false},"excerpt":{"rendered":"<p>La secretaria de Turismo, Marcela Garc\u00eda traz\u00f3 un balance bastante positivo de una temporada de verano absolutamente at\u00edpica, marcada por las condiciones de la pandemia, y que a\u00fan resta concluir con los feriados por Semana Santa. Al ser consultada por Jorge G\u00f3mez en el programa \u00abVoces de la ciudad\u00bb, la funcionaria recapitul\u00f3 que \u201cla temporada [&hellip;]<\/p>\n","protected":false},"author":3,"featured_media":74400,"comment_status":"closed","ping_status":"closed","sticky":false,"template":"","format":"standard","meta":{"footnotes":""},"categories":[3],"tags":[],"class_list":{"0":"post-74399","1":"post","2":"type-post","3":"status-publish","4":"format-standard","5":"has-post-thumbnail","7":"category-masnoticias"},"_links":{"self":[{"href":"https:\/\/primicias2262.com\/noticias\/wp-json\/wp\/v2\/posts\/74399","targetHints":{"allow":["GET"]}}],"collection":[{"href":"https:\/\/primicias2262.com\/noticias\/wp-json\/wp\/v2\/posts"}],"about":[{"href":"https:\/\/primicias2262.com\/noticias\/wp-json\/wp\/v2\/types\/post"}],"author":[{"embeddable":true,"href":"https:\/\/primicias2262.com\/noticias\/wp-json\/wp\/v2\/users\/3"}],"replies":[{"embeddable":true,"href":"https:\/\/primicias2262.com\/noticias\/wp-json\/wp\/v2\/comments?post=74399"}],"version-history":[{"count":0,"href":"https:\/\/primicias2262.com\/noticias\/wp-json\/wp\/v2\/posts\/74399\/revisions"}],"wp:featuredmedia":[{"embeddable":true,"href":"https:\/\/primicias2262.com\/noticias\/wp-json\/"}],"wp:attachment":[{"href":"https:\/\/primicias2262.com\/noticias\/wp-json\/wp\/v2\/media?parent=74399"}],"wp:term":[{"taxonomy":"category","embeddable":true,"href":"https:\/\/primicias2262.com\/noticias\/wp-json\/wp\/v2\/categories?post=74399"},{"taxonomy":"post_tag","embeddable":true,"href":"https:\/\/primicias2262.com\/noticias\/wp-json\/wp\/v2\/tags?post=74399"}],"curies":[{"name":"wp","href":"https:\/\/api.w.org\/{rel}","templated":true}]}}