{"id":74403,"date":"2021-03-24T14:18:11","date_gmt":"2021-03-24T17:18:11","guid":{"rendered":"https:\/\/primicias2262.com\/?p=74403"},"modified":"2021-03-24T14:18:11","modified_gmt":"2021-03-24T17:18:11","slug":"con-los-recaudos-sanitarios-del-caso-juan-n-fernandez-festejara-sus-112-anos-el-domingo","status":"publish","type":"post","link":"https:\/\/primicias2262.com\/noticias\/con-los-recaudos-sanitarios-del-caso-juan-n-fernandez-festejara-sus-112-anos-el-domingo\/","title":{"rendered":"Con los recaudos sanitarios del caso, Juan N. Fern\u00e1ndez festejar\u00e1 sus 112 a\u00f1os el domingo"},"content":{"rendered":"<p>El pr\u00f3ximo domingo 28 de marzo la localidad de Juan N. Fern\u00e1ndez festejar\u00e1 su 112\u00ba aniversario, aunque evitando las concentraciones masivas. As\u00ed lo explic\u00f3 el delegado municipal de dicho pueblo, Guillermo Schuenemann, en contacto telef\u00f3nico con el periodista Jorge G\u00f3mez, en el programa \u201cVoces de la Ciudad\u201d.<\/p>\n<p>\u201cExtra\u00f1amos un poco las fiestas t\u00edpicas de los pueblos, pero ya van a volver\u201d, reconoci\u00f3 el funcionario, y se\u00f1al\u00f3 que \u201cla idea, siempre con los protocolos y cuidados adecuados es al menos distraernos un poco el domingo porque venimos de un a\u00f1o complicado. Haremos un acto a partir de las 5 de la tarde y despu\u00e9s habr\u00e1 un desfile con autos antiguos, caballer\u00eda y algunas instituciones, adem\u00e1s de algunos artistas locales, pero con los recaudos del caso\u201d.<\/p>\n<p>En cuanto a obras que circundan a este nuevo aniversario, el delegado valor\u00f3 que \u201cArturo (Rojas) tiene una gran capacidad de gesti\u00f3n y siempre nos sorprende, pero m\u00e1s all\u00e1 de eso ya hay personal municipal trabajando con maquinaria de la Delegaci\u00f3n, con el apoyo de personal de Necochea en una obra que hace muchos a\u00f1os est\u00e1 pedida, que es el cord\u00f3n cuneta que va de la calle 31 a la 27, en el sector de la escuela primaria. Se gestion\u00f3 desde el a\u00f1o pasado y por suerte se est\u00e1 trabajando en ella\u201d.<\/p>\n<p>Si bien marc\u00f3 Schuenemann que \u201cla gente estaba un poco descre\u00edda porque muchas veces se ha hablado de obras en la localidad como cloacas y otras que terminaban en la nada\u201d, esta vez \u201ca pesar del dif\u00edcil a\u00f1o y la situaci\u00f3n que todos conocemos, tenemos la suerte de empezar una obra y de suma importancia\u201d.<\/p>\n<p>Finalmente, el delegado apunt\u00f3 que actualmente viven alrededor de unas 3400 personas en Juan N. Fern\u00e1ndez y que se destaca el pueblo por cantar con una importante cantidad de artistas, artesan\u00eda de cuchillos y emprendedorismo, \u201clo cual es muy bueno porque todo eso genera mano de obra y trabajo\u201d.<\/p>\n","protected":false},"excerpt":{"rendered":"<p>El pr\u00f3ximo domingo 28 de marzo la localidad de Juan N. Fern\u00e1ndez festejar\u00e1 su 112\u00ba aniversario, aunque evitando las concentraciones masivas. As\u00ed lo explic\u00f3 el delegado municipal de dicho pueblo, Guillermo Schuenemann, en contacto telef\u00f3nico con el periodista Jorge G\u00f3mez, en el programa \u201cVoces de la Ciudad\u201d. \u201cExtra\u00f1amos un poco las fiestas t\u00edpicas de los [&hellip;]<\/p>\n","protected":false},"author":3,"featured_media":74405,"comment_status":"closed","ping_status":"closed","sticky":false,"template":"","format":"standard","meta":{"footnotes":""},"categories":[3],"tags":[],"class_list":{"0":"post-74403","1":"post","2":"type-post","3":"status-publish","4":"format-standard","5":"has-post-thumbnail","7":"category-masnoticias"},"_links":{"self":[{"href":"https:\/\/primicias2262.com\/noticias\/wp-json\/wp\/v2\/posts\/74403","targetHints":{"allow":["GET"]}}],"collection":[{"href":"https:\/\/primicias2262.com\/noticias\/wp-json\/wp\/v2\/posts"}],"about":[{"href":"https:\/\/primicias2262.com\/noticias\/wp-json\/wp\/v2\/types\/post"}],"author":[{"embeddable":true,"href":"https:\/\/primicias2262.com\/noticias\/wp-json\/wp\/v2\/users\/3"}],"replies":[{"embeddable":true,"href":"https:\/\/primicias2262.com\/noticias\/wp-json\/wp\/v2\/comments?post=74403"}],"version-history":[{"count":0,"href":"https:\/\/primicias2262.com\/noticias\/wp-json\/wp\/v2\/posts\/74403\/revisions"}],"wp:featuredmedia":[{"embeddable":true,"href":"https:\/\/primicias2262.com\/noticias\/wp-json\/"}],"wp:attachment":[{"href":"https:\/\/primicias2262.com\/noticias\/wp-json\/wp\/v2\/media?parent=74403"}],"wp:term":[{"taxonomy":"category","embeddable":true,"href":"https:\/\/primicias2262.com\/noticias\/wp-json\/wp\/v2\/categories?post=74403"},{"taxonomy":"post_tag","embeddable":true,"href":"https:\/\/primicias2262.com\/noticias\/wp-json\/wp\/v2\/tags?post=74403"}],"curies":[{"name":"wp","href":"https:\/\/api.w.org\/{rel}","templated":true}]}}