{"id":74410,"date":"2021-03-25T09:50:28","date_gmt":"2021-03-25T12:50:28","guid":{"rendered":"https:\/\/primicias2262.com\/?p=74410"},"modified":"2021-03-25T09:50:28","modified_gmt":"2021-03-25T12:50:28","slug":"suspendieron-el-inicio-del-futbol-y-este-viernes-habra-una-reunion-entre-el-municipio-y-la-liga","status":"publish","type":"post","link":"https:\/\/primicias2262.com\/noticias\/suspendieron-el-inicio-del-futbol-y-este-viernes-habra-una-reunion-entre-el-municipio-y-la-liga\/","title":{"rendered":"Suspendieron el inicio del f\u00fatbol y este viernes habr\u00e1 una reuni\u00f3n entre el municipio y la Liga"},"content":{"rendered":"<p style=\"font-weight: 400;\"><strong>\u00abEs un d\u00eda muy triste debido a que fracasamos en un nuevo intento de que vuelva el f\u00fatbol, de que los m\u00e1s chicos no puedan volver a la competencia, de que mucha gente no pueda generar un ingreso y que no pueda tener ese momento de despeje el fin de semana\u00bb.<\/strong><\/p>\n<p>Con esas palabras se expresaba ante la prensa el presidente de la Liga Necochea de F\u00fatbol, Luis Tettamanti, luego de que la Aprevide (Agencia de Prevenci\u00f3n de Violencia en el Deporte) notificara la semana anterior que mantiene su decisi\u00f3n de prohibir la presencia de p\u00fablico en escenarios deportivos.<\/p>\n<p>El sentimiento del titular de la LNF tiene total justificativo, dentro de una provincia donde numerosas actividades comerciales funcionan sin restricciones tan exigentes, resulta il\u00f3gico e incoherente que se proh\u00edban eventos deportivos con cantidad de p\u00fablico a medida de lo que demanda el contexto actual. M\u00e1xime en el f\u00fatbol, sabiendo que Necochea cuenta con numerosos estadios de amplias dimensiones en los que se puede aplicar tranquilamente un protocolo para que la gente acceda a los partidos y los clubes salgan de alguna manera \u00abempatando\u00bb contra la econom\u00eda.<\/p>\n<p>Est\u00e1 claro que se deben tomar medidas sanitarias, pero no al punto de prohibir totalmente el acceso de p\u00fablico. Lo positivo es que en este tema, la Liga Necochea de F\u00fatbol tiene el apoyo permanente del municipio y este viernes habr\u00e1 una nueva cumbre entre las partes para intentar una vez m\u00e1s destrabar el tan ansiado retorno al f\u00fatbol. Aunque la \u00faltima palabra la tendr\u00e1 Aprevide.<\/p>\n<p>Por lo pronto, el consejo directivo de la Liga Necochea de F\u00fatbol tom\u00f3 la decisi\u00f3n el \u00faltimo martes 23 por la noche de suspender el inicio del Torneo Preparaci\u00f3n, que estaba pactado para el fin de semana del 3 de abril.<\/p>\n<p style=\"font-weight: 400;\"><strong>Desde el seno de la Liga, notificaron que se tomaron las siguientes tres decisiones:<\/strong><\/p>\n<p style=\"font-weight: 400;\"><strong>1-<\/strong>\u00a0La suspensi\u00f3n del inicio del torneo programado para los d\u00edas 3 y 4 de abril, y hasta nuevo aviso.<\/p>\n<p style=\"font-weight: 400;\"><strong>2-<\/strong>\u00a0El sistema de pases continuar\u00e1 abierto hasta una semana antes de una nueva fecha de inicio de torneo.<\/p>\n<p style=\"font-weight: 400;\"><strong>3-<\/strong>\u00a0Llamar a una reuni\u00f3n de presidentes para el pr\u00f3ximo lunes 29 de marzo a las 20hs, en la sede de la Liga Necochea de F\u00fatbol. Se tratar\u00e1 con ellos nuevas formas de poder comenzar un torneo que se ir\u00e1 informando con el correr del tiempo y de las reuniones que hay pactadas para esta semana.<\/p>\n<p style=\"font-weight: 400;\">A las palabras de amargura por parte de Tettamanti que acompa\u00f1an el inicio de esta nota, agreg\u00f3 que \u201cson momentos dif\u00edciles que nos toca vivir, han sido d\u00edas de reuniones y gestiones para poder intentar destrabar todos los obst\u00e1culos que se nos vienen presentando y seguiremos trabajando para poder volver\u201d.<\/p>\n<p>En tanto, \u201cpara el lunes que viene se convoc\u00f3 a una reuni\u00f3n con los presidentes de los clubes, donde tomaremos una decisi\u00f3n conjunta. Esto no es s\u00f3lo en Necochea, est\u00e1n todas las ligas as\u00ed, de hecho algunas hab\u00edan iniciado y han tenido que volver para atr\u00e1s. Y por ejemplo Tandil sac\u00f3 un comunicado diciendo que van a arrancar el torneo de Primera igualmente y no acatar\u00e1n lo que dice Aprevide ni el Ministerio de Seguridad de Provincia\u201d, revel\u00f3 el titular de la LNF.<\/p>\n","protected":false},"excerpt":{"rendered":"<p>\u00abEs un d\u00eda muy triste debido a que fracasamos en un nuevo intento de que vuelva el f\u00fatbol, de que los m\u00e1s chicos no puedan volver a la competencia, de que mucha gente no pueda generar un ingreso y que no pueda tener ese momento de despeje el fin de semana\u00bb. Con esas palabras se [&hellip;]<\/p>\n","protected":false},"author":3,"featured_media":74427,"comment_status":"closed","ping_status":"closed","sticky":false,"template":"","format":"standard","meta":{"footnotes":""},"categories":[3],"tags":[],"class_list":{"0":"post-74410","1":"post","2":"type-post","3":"status-publish","4":"format-standard","5":"has-post-thumbnail","7":"category-masnoticias"},"_links":{"self":[{"href":"https:\/\/primicias2262.com\/noticias\/wp-json\/wp\/v2\/posts\/74410","targetHints":{"allow":["GET"]}}],"collection":[{"href":"https:\/\/primicias2262.com\/noticias\/wp-json\/wp\/v2\/posts"}],"about":[{"href":"https:\/\/primicias2262.com\/noticias\/wp-json\/wp\/v2\/types\/post"}],"author":[{"embeddable":true,"href":"https:\/\/primicias2262.com\/noticias\/wp-json\/wp\/v2\/users\/3"}],"replies":[{"embeddable":true,"href":"https:\/\/primicias2262.com\/noticias\/wp-json\/wp\/v2\/comments?post=74410"}],"version-history":[{"count":0,"href":"https:\/\/primicias2262.com\/noticias\/wp-json\/wp\/v2\/posts\/74410\/revisions"}],"wp:featuredmedia":[{"embeddable":true,"href":"https:\/\/primicias2262.com\/noticias\/wp-json\/"}],"wp:attachment":[{"href":"https:\/\/primicias2262.com\/noticias\/wp-json\/wp\/v2\/media?parent=74410"}],"wp:term":[{"taxonomy":"category","embeddable":true,"href":"https:\/\/primicias2262.com\/noticias\/wp-json\/wp\/v2\/categories?post=74410"},{"taxonomy":"post_tag","embeddable":true,"href":"https:\/\/primicias2262.com\/noticias\/wp-json\/wp\/v2\/tags?post=74410"}],"curies":[{"name":"wp","href":"https:\/\/api.w.org\/{rel}","templated":true}]}}