{"id":74418,"date":"2021-03-25T09:39:32","date_gmt":"2021-03-25T12:39:32","guid":{"rendered":"https:\/\/primicias2262.com\/?p=74418"},"modified":"2021-03-25T09:39:32","modified_gmt":"2021-03-25T12:39:32","slug":"las-tarifas-de-luz-se-actualizaran-semestralmente-y-ante-el-cumplimiento-de-inversiones","status":"publish","type":"post","link":"https:\/\/primicias2262.com\/noticias\/las-tarifas-de-luz-se-actualizaran-semestralmente-y-ante-el-cumplimiento-de-inversiones\/","title":{"rendered":"Las tarifas de luz se actualizar\u00e1n semestralmente y ante el cumplimiento de inversiones"},"content":{"rendered":"<p>La interventora del Ente Nacional Regulador de la Electricidad (ENRE), Soledad Manin, anticip\u00f3 este mi\u00e9rcoles que la actualizaci\u00f3n tarifaria de las distribuidoras Edenor y Edesur ser\u00e1 \u00absemestral\u00bb, en funci\u00f3n del \u00aban\u00e1lisis de los costos, el flujo de fondos y el cumplimiento de las inversiones\u00bb de las compa\u00f1\u00edas, y en su entrevista con T\u00e9lam destac\u00f3 la importancia de que el Estado recupere \u00absu rol planificador en materia de infraestructura el\u00e9ctrica\u00bb.<\/p>\n<p><strong>-Manin, \u00bfpor qu\u00e9 no se renegoci\u00f3 la RTI vigente y se decidi\u00f3 un esquema de transici\u00f3n?<\/strong><\/p>\n<p>-El ENRE audit\u00f3 el proceso de RTI de 2016 y los resultados arrojaban un cuadro que no s\u00f3lo implic\u00f3 un aumento irracional de la factura, pasando de un incremento nominal de 2015 a 2019 de 3.200% en las tarifas de los usuarios residenciales, sino que fue inaplicable por el mismo gobierno de Mauricio Macri, que al ver el impacto de esos aumentos en la poblaci\u00f3n y en la econom\u00eda determin\u00f3 el congelamiento.\u00a0<strong>Si hoy continu\u00e1ramos con ese esquema tendr\u00edamos un 168% de aumento real en la factura del servicio el\u00e9ctrico.<\/strong><\/p>\n<p>Ahora, la transici\u00f3n tiene que ver con salir del esquema de RTI que deriv\u00f3 en tarifas injustas, poco razonables y poco transparentes e ir abonando el terreno para llegar a una pr\u00f3xima RTI en 2023. En ese tr\u00e1nsito tenemos que posibilitar a las empresas que operen, mantengan y aseguren las inversiones necesarias para mantener la calidad a partir de un an\u00e1lisis del flujo de fondos e inyect\u00e1ndole dinero a medida que se demuestren las inversiones.<\/p>\n<p><strong>-\u00bfC\u00f3mo afectaron dos a\u00f1os de congelamiento a las cuentas de las empresas?<\/strong><\/p>\n<p>-El retraimiento de la demanda y el mantenimiento tarifario pudieron haber repercutido en una merma de los ingresos, pero lo cierto es que vienen de cuatro a\u00f1os con un incremento sustancial. Por lo tanto el riesgo empresario sabe que es as\u00ed, resultado de una crisis econ\u00f3mica mundial y no por una medida caprichosa de un gobierno que ataca a determinado sector.<\/p>\n<p><strong>Los n\u00fameros se analizan en funci\u00f3n de garantizar el servicio<\/strong>\u00a0pero no cambia en que la merma de los ingresos no hizo que el negocio dejara de ser rentable, porque grupos econ\u00f3micos que no ganan por un segmento ganan por el otro, y lo que ganaron en los cuatro a\u00f1os anteriores quiz\u00e1s ahora pueda ganar un poco menos. La crisis econ\u00f3mica los afecto como afect\u00f3 a todos los argentinos.<\/p>\n<p><strong>-\u00bfQu\u00e9 tan lejos est\u00e1n las expectativas del ENRE y de las empresas sobre el incremento futuro de las tarifas?<\/strong><\/p>\n<p>-Nosotros tenemos unos requerimientos de fondos en los que\u00a0<strong>Edenor pide un incremento del 109%\u00a0<\/strong>en el VAD respecto de 2020, pasando de $29.000 millones en 2020 a m\u00e1s de 60.000 millones en 2021, esto repercutir\u00eda en un 157% de aumento para el usuario residencial R1 y en un 65% para el R2.<\/p>\n<p><strong>Edesur pide un aumento de VAD respecto de 2020 de 253%,<\/strong>\u00a0pasando de $16.000 millones a $54.000 millones, por lo tanto en factura el promedio seria de 81%. Esto es inviable en el contexto en que estamos saliendo de una crisis econ\u00f3mica y tenemos la intenci\u00f3n de que haya un crecimiento de las familias, de las industrias y los comercios. No se puede pensar en acompa\u00f1ar la econom\u00eda y su recuperaci\u00f3n si estamos hablando de estos montos.<\/p>\n<p><strong>-\u00bfEl l\u00edmite de aumento tarifario requerir\u00e1 incorporar subsidios que hasta hoy no exist\u00edan en el segmento de distribuci\u00f3n?<\/strong><\/p>\n<p>-Evidentemente va a haber un margen que va a tener que ser cubierto por subsidios y eso tiene que ver con variables macroecon\u00f3micas, del presupuesto y decisiones del Ministerio de Econom\u00eda en funci\u00f3n de cuantos fondos se pueden destinar a estos subsidios. Pero sin dudas el aumento no puede superar la inflaci\u00f3n, sino vamos contra la econom\u00eda de la gente y metiendo la mano en el bolsillo cuando queremos que se reactive.<\/p>\n<p><strong>-\u00bfA partir de ahora c\u00f3mo se definir\u00e1 la actualizaci\u00f3n de las tarifas?<\/strong><\/p>\n<p>-La actualizaci\u00f3n va a ser semestral en funci\u00f3n del an\u00e1lisis de los costos y los flujos de fondo de las empresas. A medida que se vayan dando etapas de cumplimiento de las inversiones, los trabajos de mantenimiento y reparaci\u00f3n que tienen que hacer para brindar el servicio se van a ir desembolsando fondos y haciendo estos ajustes, con el objetivo final de la RTI de 2023.<\/p>\n<p><strong>-La mejora de la calidad de servicio requiere de muchas obras admitidas por las propias empresas \u00bfEl Estado se puede hacer cargo de ellas?<\/strong><\/p>\n<p>-Si, esto tiene que ver con recuperar el rol planificador del Estado en materia de infraestructura el\u00e9ctrica, que fue algo que se perdi\u00f3 durante el macrismo, donde las obras eran solamente de iniciativa privada. Este esquema permite que se direcci\u00f3n en ciertos fondos a cofinanciar obras de envergadura que las iniciativas privadas son reacias a hacer. Tambi\u00e9n el objetivo de esta gesti\u00f3n es acomodar la situaci\u00f3n de Cammesa para que no se sigan endeudando las distribuidoras para descontarse las supuestas deudas que tienen, entonces cuando la empresa diga que no tiene dinero para obras, el Estado participara financiando parte de ellas.<\/p>\n<p><strong>-\u00bfQu\u00e9 se est\u00e1 requiriendo a las empresas en cuanto a inversiones?<\/strong><\/p>\n<p>-Lo que pedimos es respecto a los indicadores de calidad, SAIDI y SAIFI, sobre cantidad y duraci\u00f3n de los cortes. Y apuntamos a que la calidad sea cada vez mejor, que vaya decreciendo el nivel y duraci\u00f3n de los cortes, y para eso -conforme al esquema regulatorio que es de los 90-, se plantea que las empresas tienen que ver las inversiones necesarias para alcanzar esos indicadores. Pero una vez que presentan los planes de inversi\u00f3n los tienen que cumplir, pero ni siquiera cumplieron con lo mismo que ellos comprometieron. Lo que apuntamos es a que en alg\u00fan semestre pueda mantenerse pero nunca ir para atr\u00e1s.<\/p>\n","protected":false},"excerpt":{"rendered":"<p>La interventora del Ente Nacional Regulador de la Electricidad (ENRE), Soledad Manin, anticip\u00f3 este mi\u00e9rcoles que la actualizaci\u00f3n tarifaria de las distribuidoras Edenor y Edesur ser\u00e1 \u00absemestral\u00bb, en funci\u00f3n del \u00aban\u00e1lisis de los costos, el flujo de fondos y el cumplimiento de las inversiones\u00bb de las compa\u00f1\u00edas, y en su entrevista con T\u00e9lam destac\u00f3 la [&hellip;]<\/p>\n","protected":false},"author":3,"featured_media":74419,"comment_status":"closed","ping_status":"closed","sticky":false,"template":"","format":"standard","meta":{"footnotes":""},"categories":[4],"tags":[],"class_list":{"0":"post-74418","1":"post","2":"type-post","3":"status-publish","4":"format-standard","5":"has-post-thumbnail","7":"category-actualidad"},"_links":{"self":[{"href":"https:\/\/primicias2262.com\/noticias\/wp-json\/wp\/v2\/posts\/74418","targetHints":{"allow":["GET"]}}],"collection":[{"href":"https:\/\/primicias2262.com\/noticias\/wp-json\/wp\/v2\/posts"}],"about":[{"href":"https:\/\/primicias2262.com\/noticias\/wp-json\/wp\/v2\/types\/post"}],"author":[{"embeddable":true,"href":"https:\/\/primicias2262.com\/noticias\/wp-json\/wp\/v2\/users\/3"}],"replies":[{"embeddable":true,"href":"https:\/\/primicias2262.com\/noticias\/wp-json\/wp\/v2\/comments?post=74418"}],"version-history":[{"count":0,"href":"https:\/\/primicias2262.com\/noticias\/wp-json\/wp\/v2\/posts\/74418\/revisions"}],"wp:featuredmedia":[{"embeddable":true,"href":"https:\/\/primicias2262.com\/noticias\/wp-json\/"}],"wp:attachment":[{"href":"https:\/\/primicias2262.com\/noticias\/wp-json\/wp\/v2\/media?parent=74418"}],"wp:term":[{"taxonomy":"category","embeddable":true,"href":"https:\/\/primicias2262.com\/noticias\/wp-json\/wp\/v2\/categories?post=74418"},{"taxonomy":"post_tag","embeddable":true,"href":"https:\/\/primicias2262.com\/noticias\/wp-json\/wp\/v2\/tags?post=74418"}],"curies":[{"name":"wp","href":"https:\/\/api.w.org\/{rel}","templated":true}]}}