{"id":74421,"date":"2021-03-25T09:43:51","date_gmt":"2021-03-25T12:43:51","guid":{"rendered":"https:\/\/primicias2262.com\/?p=74421"},"modified":"2021-03-25T09:43:51","modified_gmt":"2021-03-25T12:43:51","slug":"un-cientifico-argentino-asegura-que-el-resfrio-puede-bloquear-y-proteger-del-coronavirus","status":"publish","type":"post","link":"https:\/\/primicias2262.com\/noticias\/un-cientifico-argentino-asegura-que-el-resfrio-puede-bloquear-y-proteger-del-coronavirus\/","title":{"rendered":"Un cient\u00edfico argentino asegura que el resfr\u00edo puede bloquear y proteger del coronavirus"},"content":{"rendered":"<p>El virus que causa el resfr\u00edo com\u00fan, conocido como rinovirus, puede bloquear el coronavirus y ofrecer una protecci\u00f3n temporal adem\u00e1s de reducir su gravedad, explic\u00f3 este mi\u00e9rcoles el vir\u00f3logo argentino Pablo Murcia, profesor de la Universidad de Glasgow, Escocia, y principal investigador de un estudio sobre el tema publicado en la revista estadounidense Journal of Infectious Diseases.<\/p>\n<p>En una entrevista con T\u00e9lam, Murcia, explic\u00f3 c\u00f3mo el rinovirus genera \u00abuna respuesta innata\u00bb en el ser humano y puede bloquear la progresi\u00f3n de coronavirus SARS-CoV-2.<\/p>\n<p>\u00abEl a\u00f1o pasado publicamos un estudio que mostr\u00f3 que los virus respiratorios interact\u00faan entre ellos y\u00a0<strong>observamos una interacci\u00f3n muy clara entre el coronavirus y el virus de la influenza\u00bb<\/strong>, indic\u00f3.<\/p>\n<p>A partir de esa investigaci\u00f3n, cuando surgi\u00f3 la pandemia, Murcia se pregunt\u00f3 junto a su equipo si el coronavirus pod\u00eda interactuar con otros virus respiratorios, lo que deriv\u00f3 en la investigaci\u00f3n.<\/p>\n<p>\u00abLo que estudiamos fue cual era el mecanismo y vimos que cuando el rinovirus infecta las c\u00e9lulas del epitelio respiratorio, dispara lo que se llama una respuesta inmune innata que est\u00e1 mediada por el interfer\u00f3n, una mol\u00e9cula que tiene un efecto antiviral fuerte y se usa en algunos f\u00e1rmacos\u00bb, precis\u00f3.<\/p>\n<p><strong>La relevancia de este estudio es que sirve para comprender m\u00e1s sobre su impacto en la transmisi\u00f3n de enfermedades\u00a0<\/strong>y usar este conocimiento con la esperanza de desarrollar estrategias y medidas de control para las infecciones por coronavirus.<\/p>\n<p>\u00abOtra cosa que es importante recalcar es que\u00a0<strong>los rinovirus circulan much\u00edsimo en ni\u00f1os.\u00a0<\/strong>De hecho el 40% de detecciones del rinovirus, al menos en Glasgow, son en ni\u00f1os de entre 1 y 5 a\u00f1os y esto podr\u00eda explicar en parte porqu\u00e9 este grupo parece tener una susceptibilidad menor al coronavirus\u00bb, se\u00f1al\u00f3.<\/p>\n<p>\u00abEl pico de rinovirus es en el oto\u00f1o donde est\u00e1 en su m\u00e1xima prevalencia y cuando comienza a circular la influenza, que empieza en diciembre, la influencia del rinovirus cae, pero la estacionalidad del SARS-CoV-2 a\u00fan no la conocemos. No sabemos si va a ser estacional y si lo es, c\u00f3mo va a ser\u00bb, agreg\u00f3.<\/p>\n<p>En ese sentido, subray\u00f3 que s\u00ed\u00a0<strong>se sabe que cuando se vuelva a la \u00abvida normal\u00bb, sin confinamientos, lo que puede suceder es que el coronavirus se enfrente a muchas barreras, como las medidas de distanciamiento social y las vacunas.<\/strong><\/p>\n<p>Murcia explic\u00f3 que la ca\u00edda de las infecciones el a\u00f1o pasado al llegar el verano europeo, se debi\u00f3 a las estrictas cuarentenas impuestas en todos los pa\u00edses y\u00a0<strong>cuando se levantaron las medidas y la gente comenz\u00f3 a viajar aparecieron las nuevas variantes de coronavirus que desataron la segunda ola de la pandemia.<\/strong><\/p>\n<p>Asimismo, dijo que la reducci\u00f3n de casos de Covid-19 que registra actualmente el Reino Unido no est\u00e1 relacionada solamente con la campa\u00f1a de vacunaci\u00f3n, sino que se debe a todas las medidas que se implementaron en la Navidad pasada.<\/p>\n<p>Para evitar la tercera ola de la pandemia en Europa durante el pr\u00f3ximo verano que comenzar\u00e1 en junio, Murcia insisti\u00f3 en que\u00a0<strong>la barrera m\u00e1s importante va a ser la cobertura de la vacunaci\u00f3n a nivel poblacional y las cuarentenas y descart\u00f3 la inmunizaci\u00f3n del reba\u00f1o.<\/strong><\/p>\n<p>\u00abEs muy baja la cantidad de la poblaci\u00f3n que ha tenido coronavirus como para hablar de inmunizaci\u00f3n. De hecho publicamos un trabajo en diciembre del a\u00f1o pasado donde estimamos\u00a0<strong>la cantidad de gente que se infect\u00f3 con coronavirus naturalmente en la ciudad de Glasgow que tiene un poco m\u00e1s de 1 mill\u00f3n de personas y no llegaba ni al 10%\u00bb<\/strong>, afirm\u00f3.<\/p>\n<p>El investigador se\u00f1al\u00f3 que esperar que la infecci\u00f3n natural lleve a una inmunidad de reba\u00f1o no es correcto porque el virus no llega a una prevalencia tan alta y sin embargo los estragos que caus\u00f3 en el sistema de salud fueron impresionantes. \u00abSi hubi\u00e9ramos esperado que eso ocurriera hubiera sido desastroso\u00bb, asegur\u00f3.<\/p>\n","protected":false},"excerpt":{"rendered":"<p>El virus que causa el resfr\u00edo com\u00fan, conocido como rinovirus, puede bloquear el coronavirus y ofrecer una protecci\u00f3n temporal adem\u00e1s de reducir su gravedad, explic\u00f3 este mi\u00e9rcoles el vir\u00f3logo argentino Pablo Murcia, profesor de la Universidad de Glasgow, Escocia, y principal investigador de un estudio sobre el tema publicado en la revista estadounidense Journal of [&hellip;]<\/p>\n","protected":false},"author":3,"featured_media":74422,"comment_status":"closed","ping_status":"closed","sticky":false,"template":"","format":"standard","meta":{"footnotes":""},"categories":[4],"tags":[],"class_list":{"0":"post-74421","1":"post","2":"type-post","3":"status-publish","4":"format-standard","5":"has-post-thumbnail","7":"category-actualidad"},"_links":{"self":[{"href":"https:\/\/primicias2262.com\/noticias\/wp-json\/wp\/v2\/posts\/74421","targetHints":{"allow":["GET"]}}],"collection":[{"href":"https:\/\/primicias2262.com\/noticias\/wp-json\/wp\/v2\/posts"}],"about":[{"href":"https:\/\/primicias2262.com\/noticias\/wp-json\/wp\/v2\/types\/post"}],"author":[{"embeddable":true,"href":"https:\/\/primicias2262.com\/noticias\/wp-json\/wp\/v2\/users\/3"}],"replies":[{"embeddable":true,"href":"https:\/\/primicias2262.com\/noticias\/wp-json\/wp\/v2\/comments?post=74421"}],"version-history":[{"count":0,"href":"https:\/\/primicias2262.com\/noticias\/wp-json\/wp\/v2\/posts\/74421\/revisions"}],"wp:featuredmedia":[{"embeddable":true,"href":"https:\/\/primicias2262.com\/noticias\/wp-json\/"}],"wp:attachment":[{"href":"https:\/\/primicias2262.com\/noticias\/wp-json\/wp\/v2\/media?parent=74421"}],"wp:term":[{"taxonomy":"category","embeddable":true,"href":"https:\/\/primicias2262.com\/noticias\/wp-json\/wp\/v2\/categories?post=74421"},{"taxonomy":"post_tag","embeddable":true,"href":"https:\/\/primicias2262.com\/noticias\/wp-json\/wp\/v2\/tags?post=74421"}],"curies":[{"name":"wp","href":"https:\/\/api.w.org\/{rel}","templated":true}]}}