{"id":74424,"date":"2021-03-25T09:47:01","date_gmt":"2021-03-25T12:47:01","guid":{"rendered":"https:\/\/primicias2262.com\/?p=74424"},"modified":"2021-03-25T09:47:01","modified_gmt":"2021-03-25T12:47:01","slug":"el-gobierno-analiza-medidas-para-ralentizar-contagios-ante-un-posible-aumento-de-casos","status":"publish","type":"post","link":"https:\/\/primicias2262.com\/noticias\/el-gobierno-analiza-medidas-para-ralentizar-contagios-ante-un-posible-aumento-de-casos\/","title":{"rendered":"El Gobierno analiza medidas para ralentizar contagios ante un posible aumento de casos"},"content":{"rendered":"<p>El Gobierno nacional continuaba trabajando para definir \u00ablo antes posible\u00bb <strong>una bater\u00eda de medidas que permitan ralentizar el alza de contagios de coronavirus pero descarta por el momento la posibilidad de disponer un confinamiento o restricciones a la circulaci\u00f3n para franjas horaria<\/strong>s.<\/p>\n<p>Fuentes oficiales precisaron en la tarde del mi\u00e9rcoles a T\u00e9lam que si bien las medidas de restricci\u00f3n de circulaci\u00f3n nocturna \u00abfueron efectivas\u00bb en momentos en que se registr\u00f3 un pico de casos, \u00abhoy no se est\u00e1 estudiando ninguna restricci\u00f3n para una franja horaria\u00bb.<\/p>\n<p>\u00abUna medida de restricci\u00f3n de circulaci\u00f3n nocturna ya fue aplicada con \u00e9xito luego del pico de casos a fin de a\u00f1o por las fiestas y demostr\u00f3 ser efectiva ya que despu\u00e9s los casos se estabilizaron y bajaron\u00bb, explicaron las fuentes oficiales consultadas.<\/p>\n<p>Los mismos voceros dijeron que \u00aben un escenario sanitario similar, no se descarta la aplicaci\u00f3n de una medida de estas caracter\u00edsticas\u00bb pero aclararon que \u00abhoy no se est\u00e1 estudiando ninguna restricci\u00f3n para una franja horaria ni ning\u00fan tipo de confinamiento\u00bb.<\/p>\n<p>La ministra de Salud,\u00a0<strong>Carla Vizzotti, declar\u00f3 esta ma\u00f1ana que existe un \u00abconsenso claro\u00bb entre la Naci\u00f3n y las provincias en torno a que, \u00absi hay un aumento de casos, lo importante es tomar medidas lo m\u00e1s temprano posible en la unidad geogr\u00e1fica m\u00ednima<\/strong>\u00a0y, en lo que hace a la circulaci\u00f3n de personas, no apuntar a un confinamiento sino a franjas horarias\u00bb.<\/p>\n<p>En este punto, en una entrevista que brind\u00f3 esta ma\u00f1ana a Radio La Red, Vizzotti puso como ejemplo el caso de municipios donde, eventualmente, se podr\u00eda avanzar con una diferenciaci\u00f3n \u00abpor barrios\u00bb, en relaci\u00f3n a la aplicaci\u00f3n de eventuales medidas restrictivas para mitigar la propagaci\u00f3n del coronavirus en un contexto de alza en el n\u00famero de contagios.<\/p>\n<p>Las fuentes oficiales consultadas por esta agencia se\u00f1alaron en ese sentido que \u00abdentro de las lecciones aprendidas en el primer a\u00f1o de la pandemia en cuanto a la circulaci\u00f3n de las personas, se evidencia la importancia de tomar medidas lo m\u00e1s temprano posible en la unidad geogr\u00e1fica m\u00ednima\u00bb.<\/p>\n<p>La ministra explic\u00f3 que el Gobierno trabaja para\u00a0<strong>avanzar con la implementaci\u00f3n de \u00abmedidas adicionales\u00bb para ralentizar la llegada de una segunda ola de coronavirus, \u00abantes de Semana Santa, en la que se prev\u00e9 mucha movilidad de personas\u00bb.<\/strong><\/p>\n<p>Entre esas medidas, se\u00f1al\u00f3, se analiza la de exigir un PCR pago, a cargo de las personas que regresan al pa\u00eds desde el exterior.<\/p>\n<p>La Casa Rosada viene analizando diversas alternativas desde hace varios d\u00edas, especialmente luego del aumento sostenido de casos en los pa\u00edses sudamericanos y un alza en los n\u00fameros de contagios en las regiones m\u00e1s pobladas de la Argentina.<\/p>\n<p>En ese sentido, el martes por la tarde, el jefe de Gabinete, Santiago Cafiero, se reuni\u00f3 en Casa de Gobierno con el ministro de Transporte, Mario Meoni, y con funcionarios del Ministerio de Salud y de la Secretar\u00eda Legal y T\u00e9cnica para definir en los pr\u00f3ximos d\u00edas medidas restrictivas.<\/p>\n<p>Seg\u00fan explicaron fuentes gubernamentales, esas medidas que podr\u00edan regir \u00abdesde el fin de semana\u00bb, buscar\u00edan reducir \u00abfuertemente\u00bb el ingreso de personas desde el exterior a partir de \u00abdr\u00e1sticas restricciones\u00bb en la frecuencia de vuelos.<\/p>\n<p>En la ma\u00f1ana del mi\u00e9rcoles, la ministra Vizzotti otorg\u00f3 mayores detalles sobre la posici\u00f3n oficial que, por estas horas, tiene un motivo central ya definido e incuestionable: \u00abLa idea es desalentar el turismo externo y alentar el interno\u00bb.<\/p>\n<p>En ese marco, descart\u00f3 la posibilidad de que se implemente el sistema de hoteles para que los residentes argentinos que arriben al pa\u00eds desde el exterior cumplan all\u00ed con el confinamiento.<\/p>\n<p>En el mismo sentido hab\u00eda opinado el ministro de Defensa, Agust\u00edn Rossi, cuando -durante un acto con motivo del 45 aniversario del \u00faltimo golpe militar- dijo que el gobierno \u00abdesaconseja\u00bb los viajes al exterior \u00abdurante el fin de semana (de Pascuas) y que aquellos que pueden hacerlo, se reorienten hacia el interior de la Argentina\u00bb.<\/p>\n<p>Mientras tanto, Vizzotti remarc\u00f3 que \u00abno es una buena idea el turismo a pa\u00edses donde circulan las nuevas cepas\u00bb y aclar\u00f3 que la Argentina no tiene, al momento, \u00abcirculaci\u00f3n predominante de ninguna de las variantes nuevas\u00bb.<\/p>\n","protected":false},"excerpt":{"rendered":"<p>El Gobierno nacional continuaba trabajando para definir \u00ablo antes posible\u00bb una bater\u00eda de medidas que permitan ralentizar el alza de contagios de coronavirus pero descarta por el momento la posibilidad de disponer un confinamiento o restricciones a la circulaci\u00f3n para franjas horarias. Fuentes oficiales precisaron en la tarde del mi\u00e9rcoles a T\u00e9lam que si bien [&hellip;]<\/p>\n","protected":false},"author":3,"featured_media":74425,"comment_status":"closed","ping_status":"closed","sticky":false,"template":"","format":"standard","meta":{"footnotes":""},"categories":[4],"tags":[],"class_list":{"0":"post-74424","1":"post","2":"type-post","3":"status-publish","4":"format-standard","5":"has-post-thumbnail","7":"category-actualidad"},"_links":{"self":[{"href":"https:\/\/primicias2262.com\/noticias\/wp-json\/wp\/v2\/posts\/74424","targetHints":{"allow":["GET"]}}],"collection":[{"href":"https:\/\/primicias2262.com\/noticias\/wp-json\/wp\/v2\/posts"}],"about":[{"href":"https:\/\/primicias2262.com\/noticias\/wp-json\/wp\/v2\/types\/post"}],"author":[{"embeddable":true,"href":"https:\/\/primicias2262.com\/noticias\/wp-json\/wp\/v2\/users\/3"}],"replies":[{"embeddable":true,"href":"https:\/\/primicias2262.com\/noticias\/wp-json\/wp\/v2\/comments?post=74424"}],"version-history":[{"count":0,"href":"https:\/\/primicias2262.com\/noticias\/wp-json\/wp\/v2\/posts\/74424\/revisions"}],"wp:featuredmedia":[{"embeddable":true,"href":"https:\/\/primicias2262.com\/noticias\/wp-json\/"}],"wp:attachment":[{"href":"https:\/\/primicias2262.com\/noticias\/wp-json\/wp\/v2\/media?parent=74424"}],"wp:term":[{"taxonomy":"category","embeddable":true,"href":"https:\/\/primicias2262.com\/noticias\/wp-json\/wp\/v2\/categories?post=74424"},{"taxonomy":"post_tag","embeddable":true,"href":"https:\/\/primicias2262.com\/noticias\/wp-json\/wp\/v2\/tags?post=74424"}],"curies":[{"name":"wp","href":"https:\/\/api.w.org\/{rel}","templated":true}]}}