{"id":74430,"date":"2021-03-25T09:58:11","date_gmt":"2021-03-25T12:58:11","guid":{"rendered":"https:\/\/primicias2262.com\/?p=74430"},"modified":"2021-03-25T09:58:11","modified_gmt":"2021-03-25T12:58:11","slug":"atrapan-a-un-hombre-que-tenia-dos-pedidos-de-captura-por-violencia-de-genero","status":"publish","type":"post","link":"https:\/\/primicias2262.com\/noticias\/atrapan-a-un-hombre-que-tenia-dos-pedidos-de-captura-por-violencia-de-genero\/","title":{"rendered":"Atrapan a un hombre que ten\u00eda dos pedidos de captura por violencia de g\u00e9nero"},"content":{"rendered":"<p>Un hombre de 34 a\u00f1os que pose\u00eda dos pedidos de captura por violencia de g\u00e9nero fue detenido por personal policial en calle 89 y 30 y las autoridades judiciales ordenaron su traslado a la Unidad 44 de Batan.<\/p>\n<p>La investigaci\u00f3n a cargo de la UFI N\u00ba 10, por los delitos de lesiones leves agravadas y amenazas en concurso real ocasionadas a su ex pareja en Necochea, motiv\u00f3 a que se libere la correspondiente orden de detenci\u00f3n por parte de la Justicia de Garant\u00edas local.<\/p>\n<p>Adem\u00e1s, contaba con una orden de captura vigente desde el mes de julio, por lesiones leves calificadas cometido el a\u00f1o pasado en la ciudad de Mar del Plata por disposici\u00f3n del Juzgado en lo Correccional N\u00ba 1.<\/p>\n<p>Tras una serie de investigaciones, la polic\u00eda pudo constatar que visitaba la zona en la que finalmente fue apresado. Si bien el sujeto al momento de ocurrir la detenci\u00f3n no opuso resistencia, los efectivos policiales debieron realizar una discreta vigilancia hasta observar su presencia en el lugar.<\/p>\n<p>El imputado -cuyos datos no fueron revelados por la polic\u00eda- fue trasladado a los calabozos de la Direcci\u00f3n Departamental de Investigaciones, en las pr\u00f3ximas horas \u2013despu\u00e9s de ser indagado por la fiscal\u00eda interviniente- ser\u00e1 trasladado a la Unidad 44 de Batan.<\/p>\n","protected":false},"excerpt":{"rendered":"<p>Un hombre de 34 a\u00f1os que pose\u00eda dos pedidos de captura por violencia de g\u00e9nero fue detenido por personal policial en calle 89 y 30 y las autoridades judiciales ordenaron su traslado a la Unidad 44 de Batan. La investigaci\u00f3n a cargo de la UFI N\u00ba 10, por los delitos de lesiones leves agravadas y [&hellip;]<\/p>\n","protected":false},"author":3,"featured_media":74431,"comment_status":"closed","ping_status":"closed","sticky":false,"template":"","format":"standard","meta":{"footnotes":""},"categories":[3],"tags":[],"class_list":{"0":"post-74430","1":"post","2":"type-post","3":"status-publish","4":"format-standard","5":"has-post-thumbnail","7":"category-masnoticias"},"_links":{"self":[{"href":"https:\/\/primicias2262.com\/noticias\/wp-json\/wp\/v2\/posts\/74430","targetHints":{"allow":["GET"]}}],"collection":[{"href":"https:\/\/primicias2262.com\/noticias\/wp-json\/wp\/v2\/posts"}],"about":[{"href":"https:\/\/primicias2262.com\/noticias\/wp-json\/wp\/v2\/types\/post"}],"author":[{"embeddable":true,"href":"https:\/\/primicias2262.com\/noticias\/wp-json\/wp\/v2\/users\/3"}],"replies":[{"embeddable":true,"href":"https:\/\/primicias2262.com\/noticias\/wp-json\/wp\/v2\/comments?post=74430"}],"version-history":[{"count":0,"href":"https:\/\/primicias2262.com\/noticias\/wp-json\/wp\/v2\/posts\/74430\/revisions"}],"wp:featuredmedia":[{"embeddable":true,"href":"https:\/\/primicias2262.com\/noticias\/wp-json\/"}],"wp:attachment":[{"href":"https:\/\/primicias2262.com\/noticias\/wp-json\/wp\/v2\/media?parent=74430"}],"wp:term":[{"taxonomy":"category","embeddable":true,"href":"https:\/\/primicias2262.com\/noticias\/wp-json\/wp\/v2\/categories?post=74430"},{"taxonomy":"post_tag","embeddable":true,"href":"https:\/\/primicias2262.com\/noticias\/wp-json\/wp\/v2\/tags?post=74430"}],"curies":[{"name":"wp","href":"https:\/\/api.w.org\/{rel}","templated":true}]}}