{"id":74436,"date":"2021-03-25T10:23:29","date_gmt":"2021-03-25T13:23:29","guid":{"rendered":"https:\/\/primicias2262.com\/?p=74436"},"modified":"2021-03-25T10:23:29","modified_gmt":"2021-03-25T13:23:29","slug":"trabajan-en-la-organizacion-de-los-actos-por-el-dia-del-veterano","status":"publish","type":"post","link":"https:\/\/primicias2262.com\/noticias\/trabajan-en-la-organizacion-de-los-actos-por-el-dia-del-veterano\/","title":{"rendered":"Trabajan en la organizaci\u00f3n de los actos por el D\u00eda del Veterano"},"content":{"rendered":"<p>La Asociaci\u00f3n de Veteranos de Guerra de Necochea, junto con el \u00c1rea de Ceremonial del municipio, se encuentran organizando los actos conmemorativos por el D\u00eda del Veterano y de los Ca\u00eddos en la Guerra de Malvinas, a 39 a\u00f1os del conflicto b\u00e9lico que se cumplir\u00e1n el venidero viernes 2 de abril.<\/p>\n<p>En vistas a ello, el presidente de la Asociaci\u00f3n local de Veteranos, Alejandro Lombardi, y el vicepresidente de la comisi\u00f3n, Blas Bonina, fueron recibidos esta semana por el delagado municipal de Quequ\u00e9n, Bernardo Amilcar, y el \u00c1rea de Ceremonial, a fin de preparar el acto inicial que se hace realiza en el monumento del centro y luego el acto principal en el monumento de Quequ\u00e9n\u201d.<\/p>\n<p>Al respecto, Lombardi adelant\u00f3 que \u201cestamos en tratativas para coordinar los pasos a seguir porque estamos limitados por la pandemia\u201d, y en ese marco asegur\u00f3 que \u201cno vamos a poder hacer este a\u00f1o la vigilia de todos los 1\u00ba de abril de forma nocturna en el monumento, porque queremos respetar los protocolos y evitar que se junte la gente\u201d.<\/p>\n<p>No obstante, el presidente no soslay\u00f3 remarcar que lo importante es \u201cel homenaje a todos los ca\u00eddos en las islas durante el conflicto de 1982\u201d, y \u201cel acompa\u00f1amiento a las familias de los muertos\u201d.<\/p>\n<p>Por su parte, Bonina valor\u00f3 que \u201csiempre hay una muy buena predisposici\u00f3n por parte del intendente y de toda la Municipalidad para con los Veteranos\u201d, y acot\u00f3 que \u201cconvocamos a la gente a un acto un poco limitado, si bien es el al aire libre y con el distanciamiento que corresponde\u201d, para finalizar que \u201ccon el correr de los d\u00edas se ir\u00e1n conociendo m\u00e1s detalles de la fecha, principalmente el tema del horario\u201d.<\/p>\n","protected":false},"excerpt":{"rendered":"<p>La Asociaci\u00f3n de Veteranos de Guerra de Necochea, junto con el \u00c1rea de Ceremonial del municipio, se encuentran organizando los actos conmemorativos por el D\u00eda del Veterano y de los Ca\u00eddos en la Guerra de Malvinas, a 39 a\u00f1os del conflicto b\u00e9lico que se cumplir\u00e1n el venidero viernes 2 de abril. En vistas a ello, [&hellip;]<\/p>\n","protected":false},"author":3,"featured_media":74437,"comment_status":"closed","ping_status":"closed","sticky":false,"template":"","format":"standard","meta":{"footnotes":""},"categories":[3],"tags":[],"class_list":{"0":"post-74436","1":"post","2":"type-post","3":"status-publish","4":"format-standard","5":"has-post-thumbnail","7":"category-masnoticias"},"_links":{"self":[{"href":"https:\/\/primicias2262.com\/noticias\/wp-json\/wp\/v2\/posts\/74436","targetHints":{"allow":["GET"]}}],"collection":[{"href":"https:\/\/primicias2262.com\/noticias\/wp-json\/wp\/v2\/posts"}],"about":[{"href":"https:\/\/primicias2262.com\/noticias\/wp-json\/wp\/v2\/types\/post"}],"author":[{"embeddable":true,"href":"https:\/\/primicias2262.com\/noticias\/wp-json\/wp\/v2\/users\/3"}],"replies":[{"embeddable":true,"href":"https:\/\/primicias2262.com\/noticias\/wp-json\/wp\/v2\/comments?post=74436"}],"version-history":[{"count":0,"href":"https:\/\/primicias2262.com\/noticias\/wp-json\/wp\/v2\/posts\/74436\/revisions"}],"wp:featuredmedia":[{"embeddable":true,"href":"https:\/\/primicias2262.com\/noticias\/wp-json\/"}],"wp:attachment":[{"href":"https:\/\/primicias2262.com\/noticias\/wp-json\/wp\/v2\/media?parent=74436"}],"wp:term":[{"taxonomy":"category","embeddable":true,"href":"https:\/\/primicias2262.com\/noticias\/wp-json\/wp\/v2\/categories?post=74436"},{"taxonomy":"post_tag","embeddable":true,"href":"https:\/\/primicias2262.com\/noticias\/wp-json\/wp\/v2\/tags?post=74436"}],"curies":[{"name":"wp","href":"https:\/\/api.w.org\/{rel}","templated":true}]}}