{"id":74440,"date":"2021-03-25T11:33:10","date_gmt":"2021-03-25T14:33:10","guid":{"rendered":"https:\/\/primicias2262.com\/?p=74440"},"modified":"2021-03-25T11:33:10","modified_gmt":"2021-03-25T14:33:10","slug":"se-celebrara-semana-santa-en-la-plaza-del-centro-y-si-hay-mal-clima-sera-en-el-polideportivo","status":"publish","type":"post","link":"https:\/\/primicias2262.com\/noticias\/se-celebrara-semana-santa-en-la-plaza-del-centro-y-si-hay-mal-clima-sera-en-el-polideportivo\/","title":{"rendered":"Se celebrar\u00e1 Semana Santa en la plaza del centro y si hay mal clima ser\u00e1 en el Polideportivo"},"content":{"rendered":"<p><strong>A trav\u00e9s de una nota realizada por el periodista Hugo Tomassini para el programa \u201cVoces de la Ciudad\u201d, que se emite por FM Vinilo, 103.5 del dial, el director de Cultura, Juan Gamba, brind\u00f3 detalles de lo que ser\u00e1 el evento para Semana Santa la semana venidera en la Plaza Dardo Rocha, que volver\u00e1 a estar cerrada al tr\u00e1nsito vehicular.<\/strong><\/p>\n<p><strong>La actividad ir\u00e1 del jueves 1\u00ba de abril al domingo 4, en el horario de 14 a 19<\/strong>, y a prop\u00f3sito de ello, Gamba se\u00f1al\u00f3 que \u201cestamos a una semana y vamos a redecorar la plaza con huevos y conejos que es lo simb\u00f3lico de esta fecha. Adem\u00e1s, hemos invitado a las colectividades extranjeras para que nos preparen un peque\u00f1o video donde se muestre c\u00f3mo festejan la pascua en cada regi\u00f3n, con el fin de rescatar viejas vivencias\u201d.<\/p>\n<p>Adem\u00e1s, revel\u00f3 Gamba que \u201chabr\u00e1 participaci\u00f3n del pat\u00edn art\u00edstico Hurac\u00e1n y recordando a nuestros abuelos, haremos la b\u00fasqueda de la zanahoria, donde cada ni\u00f1o que encuentre tendr\u00e1 un regalito de los stands que estar\u00e1n ubicados en la plaza con venta de productos de pascua, pero no para comer en el lugar, sino para trasladarse, no son puestos gastron\u00f3micos\u201d.<\/p>\n<p>A\u00f1adi\u00f3 a ello que \u201chabr\u00e1 n\u00fameros musicales, estar\u00e1 la Banda Municipal, y el viernes se har\u00e1 el V\u00eda Crucis por parte de la Parroquia Santa Mar\u00eda del Carmen, precedido por una presentaci\u00f3n del Coro Alta Mira\u201d.<\/p>\n<p>El director de Cultura asegur\u00f3 que \u201cse trata de darle vida a la plaza y que la familia y los chicos la puedan transitar libremente\u201d, pero aclar\u00f3 con respecto al clima que \u201ceste viernes veremos el pron\u00f3stico, que por ahora nos da mal clima, y si esto sigue as\u00ed trasladaremos la fiesta a s\u00e1bado 3 y domingo 4 al Polideportivo municipal, manteniendo las actividades, aunque ya con entrada limitada para mantener bien los protocolos\u201d.<\/p>\n<p>Para todo ello, Gamba destac\u00f3 el trabajo en conjunto entre las Secretar\u00edas de Desarrollo Humano, Turismo, Obras P\u00fablicas y Planificaci\u00f3n y Desarrollo Productivo, como as\u00ed tambi\u00e9n de las \u00e1reas de Educaci\u00f3n y Juventud.<\/p>\n","protected":false},"excerpt":{"rendered":"<p>A trav\u00e9s de una nota realizada por el periodista Hugo Tomassini para el programa \u201cVoces de la Ciudad\u201d, que se emite por FM Vinilo, 103.5 del dial, el director de Cultura, Juan Gamba, brind\u00f3 detalles de lo que ser\u00e1 el evento para Semana Santa la semana venidera en la Plaza Dardo Rocha, que volver\u00e1 a [&hellip;]<\/p>\n","protected":false},"author":3,"featured_media":74441,"comment_status":"closed","ping_status":"closed","sticky":false,"template":"","format":"standard","meta":{"footnotes":""},"categories":[3],"tags":[],"class_list":{"0":"post-74440","1":"post","2":"type-post","3":"status-publish","4":"format-standard","5":"has-post-thumbnail","7":"category-masnoticias"},"_links":{"self":[{"href":"https:\/\/primicias2262.com\/noticias\/wp-json\/wp\/v2\/posts\/74440","targetHints":{"allow":["GET"]}}],"collection":[{"href":"https:\/\/primicias2262.com\/noticias\/wp-json\/wp\/v2\/posts"}],"about":[{"href":"https:\/\/primicias2262.com\/noticias\/wp-json\/wp\/v2\/types\/post"}],"author":[{"embeddable":true,"href":"https:\/\/primicias2262.com\/noticias\/wp-json\/wp\/v2\/users\/3"}],"replies":[{"embeddable":true,"href":"https:\/\/primicias2262.com\/noticias\/wp-json\/wp\/v2\/comments?post=74440"}],"version-history":[{"count":0,"href":"https:\/\/primicias2262.com\/noticias\/wp-json\/wp\/v2\/posts\/74440\/revisions"}],"wp:featuredmedia":[{"embeddable":true,"href":"https:\/\/primicias2262.com\/noticias\/wp-json\/"}],"wp:attachment":[{"href":"https:\/\/primicias2262.com\/noticias\/wp-json\/wp\/v2\/media?parent=74440"}],"wp:term":[{"taxonomy":"category","embeddable":true,"href":"https:\/\/primicias2262.com\/noticias\/wp-json\/wp\/v2\/categories?post=74440"},{"taxonomy":"post_tag","embeddable":true,"href":"https:\/\/primicias2262.com\/noticias\/wp-json\/wp\/v2\/tags?post=74440"}],"curies":[{"name":"wp","href":"https:\/\/api.w.org\/{rel}","templated":true}]}}