{"id":74454,"date":"2021-03-25T17:32:54","date_gmt":"2021-03-25T20:32:54","guid":{"rendered":"https:\/\/primicias2262.com\/?p=74454"},"modified":"2021-03-25T17:32:54","modified_gmt":"2021-03-25T20:32:54","slug":"el-covid-se-cobro-otra-vida-y-hubo-un-aumento-de-casos-activos-en-necochea","status":"publish","type":"post","link":"https:\/\/primicias2262.com\/noticias\/el-covid-se-cobro-otra-vida-y-hubo-un-aumento-de-casos-activos-en-necochea\/","title":{"rendered":"El Covid se cobr\u00f3 otra vida y hubo un aumento de casos activos en Necochea"},"content":{"rendered":"<p>El Covid sum\u00f3 la v\u00edctima fatal n\u00famero 68 en nuestro distrito, en tanto que este jueves hubo un ligero crecimiento de los casos activos que ahora totalizan 227, seg\u00fan el informe de la Secretar\u00eda de Salud.<\/p>\n<p>Durante esta jornada se reportaron 41 nuevos contagios, al tiempo que 35 pacientes fueron dados de alta. A excepci\u00f3n de un caso que se sit\u00faa en Juan N. Fern\u00e1ndez, los otros 226 involucran a vecinos de Necochea y Quequ\u00e9n.<\/p>\n<p>En este momento hay 11 pacientes internados en el Hospital Municipal \u00abDr. Emilio Ferreyra\u00bb, de los cuales 4 reciben asistencia respiratoria mec\u00e1nica, mientras que 606 personas se hallan cumpliendo el aislamiento obligatorio.<\/p>\n<p><img loading=\"lazy\" decoding=\"async\" class=\"aligncenter size-full wp-image-74455\" src=\"https:\/\/primicias2262.com\/wp-content\/uploads\/2021\/03\/Covid.jpeg\" alt=\"\" width=\"1280\" height=\"819\" \/><\/p>\n","protected":false},"excerpt":{"rendered":"<p>El Covid sum\u00f3 la v\u00edctima fatal n\u00famero 68 en nuestro distrito, en tanto que este jueves hubo un ligero crecimiento de los casos activos que ahora totalizan 227, seg\u00fan el informe de la Secretar\u00eda de Salud. Durante esta jornada se reportaron 41 nuevos contagios, al tiempo que 35 pacientes fueron dados de alta. A excepci\u00f3n [&hellip;]<\/p>\n","protected":false},"author":3,"featured_media":73726,"comment_status":"closed","ping_status":"closed","sticky":false,"template":"","format":"standard","meta":{"footnotes":""},"categories":[3],"tags":[],"class_list":{"0":"post-74454","1":"post","2":"type-post","3":"status-publish","4":"format-standard","5":"has-post-thumbnail","7":"category-masnoticias"},"_links":{"self":[{"href":"https:\/\/primicias2262.com\/noticias\/wp-json\/wp\/v2\/posts\/74454","targetHints":{"allow":["GET"]}}],"collection":[{"href":"https:\/\/primicias2262.com\/noticias\/wp-json\/wp\/v2\/posts"}],"about":[{"href":"https:\/\/primicias2262.com\/noticias\/wp-json\/wp\/v2\/types\/post"}],"author":[{"embeddable":true,"href":"https:\/\/primicias2262.com\/noticias\/wp-json\/wp\/v2\/users\/3"}],"replies":[{"embeddable":true,"href":"https:\/\/primicias2262.com\/noticias\/wp-json\/wp\/v2\/comments?post=74454"}],"version-history":[{"count":0,"href":"https:\/\/primicias2262.com\/noticias\/wp-json\/wp\/v2\/posts\/74454\/revisions"}],"wp:featuredmedia":[{"embeddable":true,"href":"https:\/\/primicias2262.com\/noticias\/wp-json\/"}],"wp:attachment":[{"href":"https:\/\/primicias2262.com\/noticias\/wp-json\/wp\/v2\/media?parent=74454"}],"wp:term":[{"taxonomy":"category","embeddable":true,"href":"https:\/\/primicias2262.com\/noticias\/wp-json\/wp\/v2\/categories?post=74454"},{"taxonomy":"post_tag","embeddable":true,"href":"https:\/\/primicias2262.com\/noticias\/wp-json\/wp\/v2\/tags?post=74454"}],"curies":[{"name":"wp","href":"https:\/\/api.w.org\/{rel}","templated":true}]}}