{"id":74460,"date":"2021-03-25T17:15:10","date_gmt":"2021-03-25T20:15:10","guid":{"rendered":"https:\/\/primicias2262.com\/?p=74460"},"modified":"2021-03-25T17:15:10","modified_gmt":"2021-03-25T20:15:10","slug":"el-municipio-de-loberia-compro-dos-camiones-para-mejorar-servicios","status":"publish","type":"post","link":"https:\/\/primicias2262.com\/noticias\/el-municipio-de-loberia-compro-dos-camiones-para-mejorar-servicios\/","title":{"rendered":"El municipio de Lober\u00eda compr\u00f3 dos camiones para mejorar servicios"},"content":{"rendered":"<div dir=\"auto\">La Municipalidad de Lober\u00eda concret\u00f3 la adquisici\u00f3n de dos camiones para continuar fortaleciendo los servicios que se brindan a la comunidad y mejorar las comodidades de los trabajadores municipales que prestan la tarea.<\/div>\n<div dir=\"auto\">&#8211;<\/div>\n<div dir=\"auto\">Se trata de un cami\u00f3n Iveco 170E22, con caja volcadora, que ser\u00e1 destinado al \u00e1rea de Servicios P\u00fablicos y un cami\u00f3n doble cabina Iveco Daily 55C17 3750, con caja baranda volcable que ser\u00e1 utilizado por Obras Sanitarias<\/div>\n","protected":false},"excerpt":{"rendered":"<p>La Municipalidad de Lober\u00eda concret\u00f3 la adquisici\u00f3n de dos camiones para continuar fortaleciendo los servicios que se brindan a la comunidad y mejorar las comodidades de los trabajadores municipales que prestan la tarea. &#8211; Se trata de un cami\u00f3n Iveco 170E22, con caja volcadora, que ser\u00e1 destinado al \u00e1rea de Servicios P\u00fablicos y un cami\u00f3n [&hellip;]<\/p>\n","protected":false},"author":3,"featured_media":74461,"comment_status":"closed","ping_status":"closed","sticky":false,"template":"","format":"standard","meta":{"footnotes":""},"categories":[4],"tags":[],"class_list":{"0":"post-74460","1":"post","2":"type-post","3":"status-publish","4":"format-standard","5":"has-post-thumbnail","7":"category-actualidad"},"_links":{"self":[{"href":"https:\/\/primicias2262.com\/noticias\/wp-json\/wp\/v2\/posts\/74460","targetHints":{"allow":["GET"]}}],"collection":[{"href":"https:\/\/primicias2262.com\/noticias\/wp-json\/wp\/v2\/posts"}],"about":[{"href":"https:\/\/primicias2262.com\/noticias\/wp-json\/wp\/v2\/types\/post"}],"author":[{"embeddable":true,"href":"https:\/\/primicias2262.com\/noticias\/wp-json\/wp\/v2\/users\/3"}],"replies":[{"embeddable":true,"href":"https:\/\/primicias2262.com\/noticias\/wp-json\/wp\/v2\/comments?post=74460"}],"version-history":[{"count":0,"href":"https:\/\/primicias2262.com\/noticias\/wp-json\/wp\/v2\/posts\/74460\/revisions"}],"wp:featuredmedia":[{"embeddable":true,"href":"https:\/\/primicias2262.com\/noticias\/wp-json\/"}],"wp:attachment":[{"href":"https:\/\/primicias2262.com\/noticias\/wp-json\/wp\/v2\/media?parent=74460"}],"wp:term":[{"taxonomy":"category","embeddable":true,"href":"https:\/\/primicias2262.com\/noticias\/wp-json\/wp\/v2\/categories?post=74460"},{"taxonomy":"post_tag","embeddable":true,"href":"https:\/\/primicias2262.com\/noticias\/wp-json\/wp\/v2\/tags?post=74460"}],"curies":[{"name":"wp","href":"https:\/\/api.w.org\/{rel}","templated":true}]}}