{"id":74506,"date":"2021-03-23T20:11:22","date_gmt":"2021-03-23T23:11:22","guid":{"rendered":"https:\/\/primicias2262.com\/?p=74506"},"modified":"2021-03-23T20:11:22","modified_gmt":"2021-03-23T23:11:22","slug":"ya-suman-70-las-victimas-fatales-por-coronavirus-en-nuestro-distrito","status":"publish","type":"post","link":"https:\/\/primicias2262.com\/noticias\/ya-suman-70-las-victimas-fatales-por-coronavirus-en-nuestro-distrito\/","title":{"rendered":"Ya suman 70 las v\u00edctimas fatales por coronavirus en nuestro distrito"},"content":{"rendered":"<p>El parte diario de la Secretar\u00eda de Salud sobre la situaci\u00f3n sanitaria por la pandemia dej\u00f3 un saldo amargo por el fallecimiento de otros dos pacientes, por lo que el n\u00famero de v\u00edctimas fatales trep\u00f3 a 70.<\/p>\n<p>Ahora son 237 los casos activos, al conocerse 43 nuevos contagios, en tanto que 31 pacientes se recuperaron y fueron dados de alta.<\/p>\n<p>Desde que comenz\u00f3 la pandemia se han registrado 6.337 casos positivos, observ\u00e1ndose en las \u00faltimas horas un ligero repunte de la curva de contagios. Ahora son 13 los internados en el sector Covid del Hospital Ferreyra, de los cuales s\u00f3lo 4 reciben asistencia respiratoria mec\u00e1nica.<\/p>\n<p><img loading=\"lazy\" decoding=\"async\" class=\"aligncenter size-full wp-image-74507\" src=\"https:\/\/primicias2262.com\/wp-content\/uploads\/2021\/03\/Coronavirus.jpeg\" alt=\"\" width=\"1280\" height=\"819\" \/><\/p>\n","protected":false},"excerpt":{"rendered":"<p>El parte diario de la Secretar\u00eda de Salud sobre la situaci\u00f3n sanitaria por la pandemia dej\u00f3 un saldo amargo por el fallecimiento de otros dos pacientes, por lo que el n\u00famero de v\u00edctimas fatales trep\u00f3 a 70. Ahora son 237 los casos activos, al conocerse 43 nuevos contagios, en tanto que 31 pacientes se recuperaron [&hellip;]<\/p>\n","protected":false},"author":3,"featured_media":72206,"comment_status":"closed","ping_status":"closed","sticky":false,"template":"","format":"standard","meta":{"footnotes":""},"categories":[3],"tags":[],"class_list":{"0":"post-74506","1":"post","2":"type-post","3":"status-publish","4":"format-standard","5":"has-post-thumbnail","7":"category-masnoticias"},"_links":{"self":[{"href":"https:\/\/primicias2262.com\/noticias\/wp-json\/wp\/v2\/posts\/74506","targetHints":{"allow":["GET"]}}],"collection":[{"href":"https:\/\/primicias2262.com\/noticias\/wp-json\/wp\/v2\/posts"}],"about":[{"href":"https:\/\/primicias2262.com\/noticias\/wp-json\/wp\/v2\/types\/post"}],"author":[{"embeddable":true,"href":"https:\/\/primicias2262.com\/noticias\/wp-json\/wp\/v2\/users\/3"}],"replies":[{"embeddable":true,"href":"https:\/\/primicias2262.com\/noticias\/wp-json\/wp\/v2\/comments?post=74506"}],"version-history":[{"count":0,"href":"https:\/\/primicias2262.com\/noticias\/wp-json\/wp\/v2\/posts\/74506\/revisions"}],"wp:featuredmedia":[{"embeddable":true,"href":"https:\/\/primicias2262.com\/noticias\/wp-json\/"}],"wp:attachment":[{"href":"https:\/\/primicias2262.com\/noticias\/wp-json\/wp\/v2\/media?parent=74506"}],"wp:term":[{"taxonomy":"category","embeddable":true,"href":"https:\/\/primicias2262.com\/noticias\/wp-json\/wp\/v2\/categories?post=74506"},{"taxonomy":"post_tag","embeddable":true,"href":"https:\/\/primicias2262.com\/noticias\/wp-json\/wp\/v2\/tags?post=74506"}],"curies":[{"name":"wp","href":"https:\/\/api.w.org\/{rel}","templated":true}]}}