{"id":74524,"date":"2021-03-27T14:30:01","date_gmt":"2021-03-27T17:30:01","guid":{"rendered":"https:\/\/primicias2262.com\/?p=74524"},"modified":"2021-03-27T14:30:01","modified_gmt":"2021-03-27T17:30:01","slug":"las-calles-internas-de-la-plaza-dardo-rocha-se-cerraran-al-paso-de-vehiculos-todos-los-fines-de-semana","status":"publish","type":"post","link":"https:\/\/primicias2262.com\/noticias\/las-calles-internas-de-la-plaza-dardo-rocha-se-cerraran-al-paso-de-vehiculos-todos-los-fines-de-semana\/","title":{"rendered":"Las calles internas de la Plaza Dardo Rocha se cerrar\u00e1n al paso de veh\u00edculos todos los fines de semana"},"content":{"rendered":"<p>M\u00e1s all\u00e1 de las actividades especiales por Semana Santa, el municipio extender\u00e1 la medida desde este fin de semana en adelante, de cortar el tr\u00e1nsito vehicular en la plaza del centro entre la hora 0 del s\u00e1bado y las 24 del domingo para el disfrute de las familias y los ni\u00f1os. La planificaci\u00f3n es de la Direcci\u00f3n de Cultura y la de Tr\u00e1nsito lo lleva a cabo.<\/p>\n<p>As\u00ed lo testimoni\u00f3 este viernes en \u201cVoces de la Ciudad\u201d el director de Tr\u00e1nsito, Juli\u00e1n Corro, quien al ser consultado por el periodista Jorge G\u00f3mez, confirm\u00f3 que \u201ceste fin de semana se van a volver a cerrar las calles internas, aunque en este caso no habr\u00e1 cronograma de actividades ni nada por el estilo, pero para que se pueda disfrutar del espacio, planificado por la Direcci\u00f3n de Cultura y llevado a cabo por Tr\u00e1nsito\u201d, y acot\u00f3 que \u201cser\u00e1 todos los fines de semana, aunque en Semana Santa habr\u00e1 actividades especiales, si el clima lo permite\u201d.<\/p>\n<p>Esto se implementar\u00e1 desde la hora 0 de los s\u00e1bados hasta las 24 de los domingos, aunque en el caso de la Semana Santa que se aproxima tendr\u00e1 vigencia desde las 0 del jueves 1\u00ba de abril hasta las 24 hs. del domingo 4.<\/p>\n<p>Por otra parte, el titular de Tr\u00e1nsito puso \u00e9nfasis en la gran deficiencia que han encontrado respecto a documentaci\u00f3n de veh\u00edculos en operativos de la v\u00eda p\u00fablica. Se recuerda en tal caso que desde el municipio se exige el seguro obligatorio, la licencia habilitante y la c\u00e9dula de identificaci\u00f3n del veh\u00edculo (tarjeta verde).<\/p>\n<p>Al respecto, Corro argument\u00f3 que \u201cen el parque automotor de Necochea desde el inicio de la gesti\u00f3n hemos encontrado en distintos operativos una deficiencia muy grande respecto a documentaci\u00f3n. Se para a las motos y si andan sin casco o los elementos de seguridad correspondiente se les secuestra el veh\u00edculo, pero es importante remarcar que hay una falta de documentaci\u00f3n importante en cuanto a los veh\u00edculos, muchos de los cuales no est\u00e1n identificados, ni asegurados\u201d.<\/p>\n","protected":false},"excerpt":{"rendered":"<p>M\u00e1s all\u00e1 de las actividades especiales por Semana Santa, el municipio extender\u00e1 la medida desde este fin de semana en adelante, de cortar el tr\u00e1nsito vehicular en la plaza del centro entre la hora 0 del s\u00e1bado y las 24 del domingo para el disfrute de las familias y los ni\u00f1os. La planificaci\u00f3n es de [&hellip;]<\/p>\n","protected":false},"author":3,"featured_media":74525,"comment_status":"closed","ping_status":"closed","sticky":false,"template":"","format":"standard","meta":{"footnotes":""},"categories":[5],"tags":[],"class_list":{"0":"post-74524","1":"post","2":"type-post","3":"status-publish","4":"format-standard","5":"has-post-thumbnail","7":"category-neco"},"_links":{"self":[{"href":"https:\/\/primicias2262.com\/noticias\/wp-json\/wp\/v2\/posts\/74524","targetHints":{"allow":["GET"]}}],"collection":[{"href":"https:\/\/primicias2262.com\/noticias\/wp-json\/wp\/v2\/posts"}],"about":[{"href":"https:\/\/primicias2262.com\/noticias\/wp-json\/wp\/v2\/types\/post"}],"author":[{"embeddable":true,"href":"https:\/\/primicias2262.com\/noticias\/wp-json\/wp\/v2\/users\/3"}],"replies":[{"embeddable":true,"href":"https:\/\/primicias2262.com\/noticias\/wp-json\/wp\/v2\/comments?post=74524"}],"version-history":[{"count":0,"href":"https:\/\/primicias2262.com\/noticias\/wp-json\/wp\/v2\/posts\/74524\/revisions"}],"wp:featuredmedia":[{"embeddable":true,"href":"https:\/\/primicias2262.com\/noticias\/wp-json\/"}],"wp:attachment":[{"href":"https:\/\/primicias2262.com\/noticias\/wp-json\/wp\/v2\/media?parent=74524"}],"wp:term":[{"taxonomy":"category","embeddable":true,"href":"https:\/\/primicias2262.com\/noticias\/wp-json\/wp\/v2\/categories?post=74524"},{"taxonomy":"post_tag","embeddable":true,"href":"https:\/\/primicias2262.com\/noticias\/wp-json\/wp\/v2\/tags?post=74524"}],"curies":[{"name":"wp","href":"https:\/\/api.w.org\/{rel}","templated":true}]}}