{"id":74530,"date":"2021-03-23T16:55:05","date_gmt":"2021-03-23T19:55:05","guid":{"rendered":"https:\/\/primicias2262.com\/?p=74530"},"modified":"2021-03-23T16:55:05","modified_gmt":"2021-03-23T19:55:05","slug":"de-benedictis-mejoro-en-la-clasificacion-y-espera-con-expectativas-la-carrera-de-san-nicolas","status":"publish","type":"post","link":"https:\/\/primicias2262.com\/noticias\/de-benedictis-mejoro-en-la-clasificacion-y-espera-con-expectativas-la-carrera-de-san-nicolas\/","title":{"rendered":"De Benedictis mejor\u00f3 en la clasificaci\u00f3n y espera con expectativas la carrera de San Nicol\u00e1s"},"content":{"rendered":"<p>El necochense Juan Bautista De Benedictis (Ford) finaliz\u00f3 18\u00b0 en la clasificaci\u00f3n general de cara a la tercera fecha del campeonato 2021 de TC, que tendr\u00e1 lugar este domingo en San Nicol\u00e1s.<\/p>\n<p>La \u00abpole\u00bb fue lograda por el veloz Mariano Werner, quien aventaj\u00f3 por m\u00e1s de medio segundo a su m\u00e1s inmediato perseguidor, Juli\u00e1n Santero mientras que el tercer puesto fue para el ex campe\u00f3n Agust\u00edn Canapino.<\/p>\n<p>El piloto de nuestra ciudad -que este domingo protagonizar\u00e1 la tercera serie- hab\u00eda quedado en el puesto 11 tras su paso por la pista, pero varios protagonistas del \u00faltimo parcial lograron mejorar su tiempo.<\/p>\n<p>Tras superar algunos inconvenientes en el motor logr\u00f3 mejorar su performance en los entrenamientos previos donde ocup\u00f3 los puestos 25 y 28, respectivamente.<\/p>\n","protected":false},"excerpt":{"rendered":"<p>El necochense Juan Bautista De Benedictis (Ford) finaliz\u00f3 18\u00b0 en la clasificaci\u00f3n general de cara a la tercera fecha del campeonato 2021 de TC, que tendr\u00e1 lugar este domingo en San Nicol\u00e1s. La \u00abpole\u00bb fue lograda por el veloz Mariano Werner, quien aventaj\u00f3 por m\u00e1s de medio segundo a su m\u00e1s inmediato perseguidor, Juli\u00e1n Santero [&hellip;]<\/p>\n","protected":false},"author":3,"featured_media":74531,"comment_status":"closed","ping_status":"closed","sticky":false,"template":"","format":"standard","meta":{"footnotes":""},"categories":[3],"tags":[],"class_list":{"0":"post-74530","1":"post","2":"type-post","3":"status-publish","4":"format-standard","5":"has-post-thumbnail","7":"category-masnoticias"},"_links":{"self":[{"href":"https:\/\/primicias2262.com\/noticias\/wp-json\/wp\/v2\/posts\/74530","targetHints":{"allow":["GET"]}}],"collection":[{"href":"https:\/\/primicias2262.com\/noticias\/wp-json\/wp\/v2\/posts"}],"about":[{"href":"https:\/\/primicias2262.com\/noticias\/wp-json\/wp\/v2\/types\/post"}],"author":[{"embeddable":true,"href":"https:\/\/primicias2262.com\/noticias\/wp-json\/wp\/v2\/users\/3"}],"replies":[{"embeddable":true,"href":"https:\/\/primicias2262.com\/noticias\/wp-json\/wp\/v2\/comments?post=74530"}],"version-history":[{"count":0,"href":"https:\/\/primicias2262.com\/noticias\/wp-json\/wp\/v2\/posts\/74530\/revisions"}],"wp:featuredmedia":[{"embeddable":true,"href":"https:\/\/primicias2262.com\/noticias\/wp-json\/"}],"wp:attachment":[{"href":"https:\/\/primicias2262.com\/noticias\/wp-json\/wp\/v2\/media?parent=74530"}],"wp:term":[{"taxonomy":"category","embeddable":true,"href":"https:\/\/primicias2262.com\/noticias\/wp-json\/wp\/v2\/categories?post=74530"},{"taxonomy":"post_tag","embeddable":true,"href":"https:\/\/primicias2262.com\/noticias\/wp-json\/wp\/v2\/tags?post=74530"}],"curies":[{"name":"wp","href":"https:\/\/api.w.org\/{rel}","templated":true}]}}