{"id":74534,"date":"2021-03-22T18:25:40","date_gmt":"2021-03-22T21:25:40","guid":{"rendered":"https:\/\/primicias2262.com\/?p=74534"},"modified":"2021-03-22T18:25:40","modified_gmt":"2021-03-22T21:25:40","slug":"se-acentua-la-tendencia-alcista-de-nuevos-casos-positivos-en-nuestro-distrito","status":"publish","type":"post","link":"https:\/\/primicias2262.com\/noticias\/se-acentua-la-tendencia-alcista-de-nuevos-casos-positivos-en-nuestro-distrito\/","title":{"rendered":"Se acent\u00faa la tendencia alcista de nuevos casos positivos en nuestro distrito"},"content":{"rendered":"<p>Como ocurre en buena parte del pa\u00eds, en las \u00faltimas horas comenz\u00f3 a crecer la cantidad de casos positivos de Covid en Necochea, luego de que este s\u00e1bado se reportaran otras 62 personas infectadas, al tiempo que 27 pacientes recibieron el alta m\u00e9dica.<\/p>\n<p>En la actualidad hay 272 casos activos en el distrito, de los cuales 268 se sit\u00faan en Necochea y Quequ\u00e9n, mientras que los 4 restantes son vecinos de Juan N. Fern\u00e1ndez. No hay casos en La Dulce, Claraz y Ram\u00f3n Santamarina.<\/p>\n<p>Hoy baj\u00f3 a 12 la cantidad de personas internadas en el sector Covid del Hospital Municipal \u00abDr. Emilio Ferreyra\u00bb, 4 de los cuales reciben asistencia respiratoria mec\u00e1nica.<\/p>\n<p>Desde que comenz\u00f3 la pandemia son 70 las personas fallecidas y 6.057 los pacientes que fueron dados de alta, seg\u00fan lo indica la informaci\u00f3n oficial.<\/p>\n","protected":false},"excerpt":{"rendered":"<p>Como ocurre en buena parte del pa\u00eds, en las \u00faltimas horas comenz\u00f3 a crecer la cantidad de casos positivos de Covid en Necochea, luego de que este s\u00e1bado se reportaran otras 62 personas infectadas, al tiempo que 27 pacientes recibieron el alta m\u00e9dica. En la actualidad hay 272 casos activos en el distrito, de los [&hellip;]<\/p>\n","protected":false},"author":3,"featured_media":74535,"comment_status":"closed","ping_status":"closed","sticky":false,"template":"","format":"standard","meta":{"footnotes":""},"categories":[3],"tags":[],"class_list":{"0":"post-74534","1":"post","2":"type-post","3":"status-publish","4":"format-standard","5":"has-post-thumbnail","7":"category-masnoticias"},"_links":{"self":[{"href":"https:\/\/primicias2262.com\/noticias\/wp-json\/wp\/v2\/posts\/74534","targetHints":{"allow":["GET"]}}],"collection":[{"href":"https:\/\/primicias2262.com\/noticias\/wp-json\/wp\/v2\/posts"}],"about":[{"href":"https:\/\/primicias2262.com\/noticias\/wp-json\/wp\/v2\/types\/post"}],"author":[{"embeddable":true,"href":"https:\/\/primicias2262.com\/noticias\/wp-json\/wp\/v2\/users\/3"}],"replies":[{"embeddable":true,"href":"https:\/\/primicias2262.com\/noticias\/wp-json\/wp\/v2\/comments?post=74534"}],"version-history":[{"count":0,"href":"https:\/\/primicias2262.com\/noticias\/wp-json\/wp\/v2\/posts\/74534\/revisions"}],"wp:featuredmedia":[{"embeddable":true,"href":"https:\/\/primicias2262.com\/noticias\/wp-json\/"}],"wp:attachment":[{"href":"https:\/\/primicias2262.com\/noticias\/wp-json\/wp\/v2\/media?parent=74534"}],"wp:term":[{"taxonomy":"category","embeddable":true,"href":"https:\/\/primicias2262.com\/noticias\/wp-json\/wp\/v2\/categories?post=74534"},{"taxonomy":"post_tag","embeddable":true,"href":"https:\/\/primicias2262.com\/noticias\/wp-json\/wp\/v2\/tags?post=74534"}],"curies":[{"name":"wp","href":"https:\/\/api.w.org\/{rel}","templated":true}]}}