{"id":74633,"date":"2021-03-20T19:01:45","date_gmt":"2021-03-20T22:01:45","guid":{"rendered":"https:\/\/primicias2262.com\/?p=74633"},"modified":"2021-03-20T19:01:45","modified_gmt":"2021-03-20T22:01:45","slug":"fallecio-otro-paciente-por-covid-y-ahora-son-72-las-victimas-fatales-en-necochea","status":"publish","type":"post","link":"https:\/\/primicias2262.com\/noticias\/fallecio-otro-paciente-por-covid-y-ahora-son-72-las-victimas-fatales-en-necochea\/","title":{"rendered":"Falleci\u00f3 otro paciente por Covid y ahora son 72 las v\u00edctimas fatales en Necochea"},"content":{"rendered":"<p>Otra persona falleci\u00f3 en el transcurso de las \u00faltimas 24 en nuestro medio y ahora son 72 las v\u00edctimas fatales por coronavirus, al tiempo que creci\u00f3 el n\u00famero de casos activos al detectarse 46 nuevos contagios mientras que 36 pacientes recibieron el alta m\u00e9dica.<\/p>\n<p>Los casos (265) se concentran en Necochea, Quequ\u00e9n y Juan N. Fern\u00e1ndez, en tanto que son 13 los pacientes internados en el Hospital Ferreyra, 4 con asistencia respiratoria mec\u00e1nica.<\/p>\n<p>Desde que comenz\u00f3 la pandemia se han registrado 6.445 casos, con 6.108 pacientes recuperados y 72 fallecidos.<\/p>\n","protected":false},"excerpt":{"rendered":"<p>Otra persona falleci\u00f3 en el transcurso de las \u00faltimas 24 en nuestro medio y ahora son 72 las v\u00edctimas fatales por coronavirus, al tiempo que creci\u00f3 el n\u00famero de casos activos al detectarse 46 nuevos contagios mientras que 36 pacientes recibieron el alta m\u00e9dica. Los casos (265) se concentran en Necochea, Quequ\u00e9n y Juan N. [&hellip;]<\/p>\n","protected":false},"author":3,"featured_media":74634,"comment_status":"closed","ping_status":"closed","sticky":false,"template":"","format":"standard","meta":{"footnotes":""},"categories":[3,5],"tags":[],"class_list":{"0":"post-74633","1":"post","2":"type-post","3":"status-publish","4":"format-standard","5":"has-post-thumbnail","7":"category-masnoticias","8":"category-neco"},"_links":{"self":[{"href":"https:\/\/primicias2262.com\/noticias\/wp-json\/wp\/v2\/posts\/74633","targetHints":{"allow":["GET"]}}],"collection":[{"href":"https:\/\/primicias2262.com\/noticias\/wp-json\/wp\/v2\/posts"}],"about":[{"href":"https:\/\/primicias2262.com\/noticias\/wp-json\/wp\/v2\/types\/post"}],"author":[{"embeddable":true,"href":"https:\/\/primicias2262.com\/noticias\/wp-json\/wp\/v2\/users\/3"}],"replies":[{"embeddable":true,"href":"https:\/\/primicias2262.com\/noticias\/wp-json\/wp\/v2\/comments?post=74633"}],"version-history":[{"count":0,"href":"https:\/\/primicias2262.com\/noticias\/wp-json\/wp\/v2\/posts\/74633\/revisions"}],"wp:featuredmedia":[{"embeddable":true,"href":"https:\/\/primicias2262.com\/noticias\/wp-json\/"}],"wp:attachment":[{"href":"https:\/\/primicias2262.com\/noticias\/wp-json\/wp\/v2\/media?parent=74633"}],"wp:term":[{"taxonomy":"category","embeddable":true,"href":"https:\/\/primicias2262.com\/noticias\/wp-json\/wp\/v2\/categories?post=74633"},{"taxonomy":"post_tag","embeddable":true,"href":"https:\/\/primicias2262.com\/noticias\/wp-json\/wp\/v2\/tags?post=74633"}],"curies":[{"name":"wp","href":"https:\/\/api.w.org\/{rel}","templated":true}]}}