{"id":74664,"date":"2021-03-20T12:40:56","date_gmt":"2021-03-20T15:40:56","guid":{"rendered":"https:\/\/primicias2262.com\/?p=74664"},"modified":"2021-03-20T12:40:56","modified_gmt":"2021-03-20T15:40:56","slug":"aislaron-al-personal-de-contaduria-por-covid-y-los-municipales-esperan-por-una-burbuja-para-cobrar-los-sueldos","status":"publish","type":"post","link":"https:\/\/primicias2262.com\/noticias\/aislaron-al-personal-de-contaduria-por-covid-y-los-municipales-esperan-por-una-burbuja-para-cobrar-los-sueldos\/","title":{"rendered":"Aislaron al personal de Contadur\u00eda por Covid y los Municipales esperan por una burbuja para cobrar los sueldos"},"content":{"rendered":"<p><strong>As\u00ed lo confirm\u00f3 esta ma\u00f1ana en di\u00e1logo con el programa \u201cVoces de la Ciudad\u201d, el secretario gremial del Sindicato de Trabajadores Municipales, Gast\u00f3n D\u00edaz. El dinero ya estaba dispuesto para depositarse hoy y cobrar este mi\u00e9rcoles a partir de las 0, pero ahora hay un signo de interrogaci\u00f3n sobre el caso.<\/strong><\/p>\n<p>Al ser consultado por el periodista Jorge G\u00f3mez, D\u00edaz se\u00f1al\u00f3 que \u201ces la realidad que nos toca vivir con esta pandemia en todo el mundo y nadie est\u00e1 exento, hubo un caso de Covid en el \u00e1rea de Contadur\u00eda y han aislado a todo el personal por precauci\u00f3n como corresponde. La idea era depositar hoy para ma\u00f1ana porque el Ejecutivo ya tiene la plata, pero no se va a llegar\u201d.<\/p>\n<p>Ante la alternativa de hacer una excepci\u00f3n, desliz\u00f3 que \u201cnecesitan una autorizaci\u00f3n de parte de Salud para armar una burbuja para esta tarde, cuando ya casi no hay nadie en toda la Municipalidad. Ir\u00edan estos trabajadores a la burbuja y har\u00edan la liquidaci\u00f3n final como para que ma\u00f1ana se pueda estar depositando y cobrar efectivamente a partir de las 0 del jueves 1\u00ba de abril\u201d.<\/p>\n<p>Pero claro, \u201csiempre y cuando logren armar esta burbuja, si no reci\u00e9n la semana que viene se har\u00eda el dep\u00f3sito de los sueldos\u201d, subray\u00f3 el gremialista, quien seguir\u00e1 informando lo que se decida junto al Departamento Ejecutivo en el transcurso de este martes.<\/p>\n<p><strong>Tema paritarias:<\/strong><\/p>\n<p>Por lo pronto, ayer a la tarde, tras la reuni\u00f3n con el Ejecutivo por el tema de paritarias, hab\u00edan alertado sobre esta cuesti\u00f3n, y sobre el tema incremento de sueldos adelantaron que \u201cde la reuni\u00f3n lo m\u00e1s positivo que surgi\u00f3 es que se contemple para el mes de abril un aumento a los b\u00e1sicos proporcional a la inflaci\u00f3n de los 3 primeros meses del a\u00f1o (enero, febrero y marzo). Esto ser\u00eda un inicio sin finalizar la paritaria anual, es decir se contin\u00faa con la negociaci\u00f3n, pero hasta que ambas partes nos pongamos de acuerdo, a modo de adelanto seria este n\u00famero. Este n\u00famero para el mes de abril se podr\u00eda definir el pr\u00f3ximo mi\u00e9rcoles, fecha de la pr\u00f3xima reuni\u00f3n\u201d. No es un cierre de las paritarias, sino que se sigue dialogando, aclararon.<\/p>\n","protected":false},"excerpt":{"rendered":"<p>As\u00ed lo confirm\u00f3 esta ma\u00f1ana en di\u00e1logo con el programa \u201cVoces de la Ciudad\u201d, el secretario gremial del Sindicato de Trabajadores Municipales, Gast\u00f3n D\u00edaz. El dinero ya estaba dispuesto para depositarse hoy y cobrar este mi\u00e9rcoles a partir de las 0, pero ahora hay un signo de interrogaci\u00f3n sobre el caso. Al ser consultado por [&hellip;]<\/p>\n","protected":false},"author":3,"featured_media":74666,"comment_status":"closed","ping_status":"closed","sticky":false,"template":"","format":"standard","meta":{"footnotes":""},"categories":[3],"tags":[],"class_list":{"0":"post-74664","1":"post","2":"type-post","3":"status-publish","4":"format-standard","5":"has-post-thumbnail","7":"category-masnoticias"},"_links":{"self":[{"href":"https:\/\/primicias2262.com\/noticias\/wp-json\/wp\/v2\/posts\/74664","targetHints":{"allow":["GET"]}}],"collection":[{"href":"https:\/\/primicias2262.com\/noticias\/wp-json\/wp\/v2\/posts"}],"about":[{"href":"https:\/\/primicias2262.com\/noticias\/wp-json\/wp\/v2\/types\/post"}],"author":[{"embeddable":true,"href":"https:\/\/primicias2262.com\/noticias\/wp-json\/wp\/v2\/users\/3"}],"replies":[{"embeddable":true,"href":"https:\/\/primicias2262.com\/noticias\/wp-json\/wp\/v2\/comments?post=74664"}],"version-history":[{"count":0,"href":"https:\/\/primicias2262.com\/noticias\/wp-json\/wp\/v2\/posts\/74664\/revisions"}],"wp:featuredmedia":[{"embeddable":true,"href":"https:\/\/primicias2262.com\/noticias\/wp-json\/"}],"wp:attachment":[{"href":"https:\/\/primicias2262.com\/noticias\/wp-json\/wp\/v2\/media?parent=74664"}],"wp:term":[{"taxonomy":"category","embeddable":true,"href":"https:\/\/primicias2262.com\/noticias\/wp-json\/wp\/v2\/categories?post=74664"},{"taxonomy":"post_tag","embeddable":true,"href":"https:\/\/primicias2262.com\/noticias\/wp-json\/wp\/v2\/tags?post=74664"}],"curies":[{"name":"wp","href":"https:\/\/api.w.org\/{rel}","templated":true}]}}