{"id":74689,"date":"2021-03-20T19:08:26","date_gmt":"2021-03-20T22:08:26","guid":{"rendered":"https:\/\/primicias2262.com\/?p=74689"},"modified":"2021-03-20T19:08:26","modified_gmt":"2021-03-20T22:08:26","slug":"no-hubo-que-lamentar-nuevas-victimas-fatales-pero-ahora-hay-298-casos-activos","status":"publish","type":"post","link":"https:\/\/primicias2262.com\/noticias\/no-hubo-que-lamentar-nuevas-victimas-fatales-pero-ahora-hay-298-casos-activos\/","title":{"rendered":"No hubo que lamentar nuevas v\u00edctimas fatales pero ahora hay 298 casos activos"},"content":{"rendered":"<p>La detecci\u00f3n de 54 nuevos casos positivos acentu\u00f3 la tendencia alcista de contagios de Covid, aunque afortunadamente este martes no hubo que lamentar fallecimientos como ven\u00eda ocurriendo en los \u00faltimos d\u00edas.<\/p>\n<p>Ahora suman 298 los casos activos, de los cuales 293 se localizan en Necochea y Quequ\u00e9n, 4 en Juan N. Fern\u00e1ndez y 1 en La Dulce. Hoy tambi\u00e9n se conoci\u00f3 que 21 pacientes recibieron el alta m\u00e9dica.<\/p>\n<p>Hay 14 pacientes internados en el Hospital Ferreyra (4 con asistencia respiratoria mec\u00e1nica), en tanto que 696 personas cumplen el aislamiento preventivo y obligatorio.<\/p>\n","protected":false},"excerpt":{"rendered":"<p>La detecci\u00f3n de 54 nuevos casos positivos acentu\u00f3 la tendencia alcista de contagios de Covid, aunque afortunadamente este martes no hubo que lamentar fallecimientos como ven\u00eda ocurriendo en los \u00faltimos d\u00edas. Ahora suman 298 los casos activos, de los cuales 293 se localizan en Necochea y Quequ\u00e9n, 4 en Juan N. Fern\u00e1ndez y 1 en [&hellip;]<\/p>\n","protected":false},"author":3,"featured_media":74690,"comment_status":"closed","ping_status":"closed","sticky":false,"template":"","format":"standard","meta":{"footnotes":""},"categories":[6],"tags":[],"class_list":{"0":"post-74689","1":"post","2":"type-post","3":"status-publish","4":"format-standard","5":"has-post-thumbnail","7":"category-portada2"},"_links":{"self":[{"href":"https:\/\/primicias2262.com\/noticias\/wp-json\/wp\/v2\/posts\/74689","targetHints":{"allow":["GET"]}}],"collection":[{"href":"https:\/\/primicias2262.com\/noticias\/wp-json\/wp\/v2\/posts"}],"about":[{"href":"https:\/\/primicias2262.com\/noticias\/wp-json\/wp\/v2\/types\/post"}],"author":[{"embeddable":true,"href":"https:\/\/primicias2262.com\/noticias\/wp-json\/wp\/v2\/users\/3"}],"replies":[{"embeddable":true,"href":"https:\/\/primicias2262.com\/noticias\/wp-json\/wp\/v2\/comments?post=74689"}],"version-history":[{"count":0,"href":"https:\/\/primicias2262.com\/noticias\/wp-json\/wp\/v2\/posts\/74689\/revisions"}],"wp:featuredmedia":[{"embeddable":true,"href":"https:\/\/primicias2262.com\/noticias\/wp-json\/"}],"wp:attachment":[{"href":"https:\/\/primicias2262.com\/noticias\/wp-json\/wp\/v2\/media?parent=74689"}],"wp:term":[{"taxonomy":"category","embeddable":true,"href":"https:\/\/primicias2262.com\/noticias\/wp-json\/wp\/v2\/categories?post=74689"},{"taxonomy":"post_tag","embeddable":true,"href":"https:\/\/primicias2262.com\/noticias\/wp-json\/wp\/v2\/tags?post=74689"}],"curies":[{"name":"wp","href":"https:\/\/api.w.org\/{rel}","templated":true}]}}