{"id":74727,"date":"2021-03-20T18:39:17","date_gmt":"2021-03-20T21:39:17","guid":{"rendered":"https:\/\/primicias2262.com\/?p=74727"},"modified":"2021-03-20T18:39:17","modified_gmt":"2021-03-20T21:39:17","slug":"covid-continua-aumentando-la-cantidad-de-casos-activos-en-nuestro-distrito","status":"publish","type":"post","link":"https:\/\/primicias2262.com\/noticias\/covid-continua-aumentando-la-cantidad-de-casos-activos-en-nuestro-distrito\/","title":{"rendered":"Covid: contin\u00faa aumentando la cantidad de casos activos en nuestro distrito"},"content":{"rendered":"<p>Con 61 nuevos contagios, el distrito de Necochea super\u00f3 la barrera de los 300 casos activos al tiempo que se conocieron 2 casos positivos en Claraz y otro m\u00e1s en La Dulce, seg\u00fan el informe diario de la Secretar\u00eda de Salud.<\/p>\n<p>Se mantiene en 13 la cantidad de pacientes internados en el sector Covid, en tanto que 16 recibieron el alta m\u00e9dica y ahora son 722 las personas que cumplen el aislamiento preventivo y obligatorio.<\/p>\n<p>Desde que comenz\u00f3 la pandemia se han registrado 6560 casos positivos, con 6145 pacientes recuperados y 72 fallecidos.<\/p>\n","protected":false},"excerpt":{"rendered":"<p>Con 61 nuevos contagios, el distrito de Necochea super\u00f3 la barrera de los 300 casos activos al tiempo que se conocieron 2 casos positivos en Claraz y otro m\u00e1s en La Dulce, seg\u00fan el informe diario de la Secretar\u00eda de Salud. Se mantiene en 13 la cantidad de pacientes internados en el sector Covid, en [&hellip;]<\/p>\n","protected":false},"author":3,"featured_media":74728,"comment_status":"closed","ping_status":"closed","sticky":false,"template":"","format":"standard","meta":{"footnotes":""},"categories":[3],"tags":[],"class_list":{"0":"post-74727","1":"post","2":"type-post","3":"status-publish","4":"format-standard","5":"has-post-thumbnail","7":"category-masnoticias"},"_links":{"self":[{"href":"https:\/\/primicias2262.com\/noticias\/wp-json\/wp\/v2\/posts\/74727","targetHints":{"allow":["GET"]}}],"collection":[{"href":"https:\/\/primicias2262.com\/noticias\/wp-json\/wp\/v2\/posts"}],"about":[{"href":"https:\/\/primicias2262.com\/noticias\/wp-json\/wp\/v2\/types\/post"}],"author":[{"embeddable":true,"href":"https:\/\/primicias2262.com\/noticias\/wp-json\/wp\/v2\/users\/3"}],"replies":[{"embeddable":true,"href":"https:\/\/primicias2262.com\/noticias\/wp-json\/wp\/v2\/comments?post=74727"}],"version-history":[{"count":0,"href":"https:\/\/primicias2262.com\/noticias\/wp-json\/wp\/v2\/posts\/74727\/revisions"}],"wp:featuredmedia":[{"embeddable":true,"href":"https:\/\/primicias2262.com\/noticias\/wp-json\/"}],"wp:attachment":[{"href":"https:\/\/primicias2262.com\/noticias\/wp-json\/wp\/v2\/media?parent=74727"}],"wp:term":[{"taxonomy":"category","embeddable":true,"href":"https:\/\/primicias2262.com\/noticias\/wp-json\/wp\/v2\/categories?post=74727"},{"taxonomy":"post_tag","embeddable":true,"href":"https:\/\/primicias2262.com\/noticias\/wp-json\/wp\/v2\/tags?post=74727"}],"curies":[{"name":"wp","href":"https:\/\/api.w.org\/{rel}","templated":true}]}}