{"id":74795,"date":"2021-03-20T20:20:00","date_gmt":"2021-03-20T23:20:00","guid":{"rendered":"https:\/\/primicias2262.com\/?p=74795"},"modified":"2021-03-20T20:20:00","modified_gmt":"2021-03-20T23:20:00","slug":"covid-se-acentua-la-curva-ascendente-de-nuevos-casos-positivos-en-necochea","status":"publish","type":"post","link":"https:\/\/primicias2262.com\/noticias\/covid-se-acentua-la-curva-ascendente-de-nuevos-casos-positivos-en-necochea\/","title":{"rendered":"Covid: se acent\u00faa la curva ascendente de nuevos casos positivos en Necochea"},"content":{"rendered":"<p>Este jueves el n\u00famero casos activos de Covid en Necochea lleg\u00f3 a 367, y si bien no hubo que lamentar v\u00edctimas fatales se acent\u00faa la tendencia alcista de la \u00faltima semana, seg\u00fan lo indica el informe diario.<\/p>\n<p>En las \u00faltimas 24 horas se detectaron otros 43 casos positivos mientras que 19 pacientes recibieron el alta. Ahora baj\u00f3 a 12 la cantidad de pacientes internados en el Hospital Ferreyra.<\/p>\n<p>De los 367 casos activos, 361 se localizan en Necochea y Quequ\u00e9n, 2 en Juan N. Fern\u00e1ndez, 2 en La Dulce y 2 en Claraz, en tanto que 750 personas cumplen el aislamiento preventivo y obligatorio en todo el distrito.<\/p>\n","protected":false},"excerpt":{"rendered":"<p>Este jueves el n\u00famero casos activos de Covid en Necochea lleg\u00f3 a 367, y si bien no hubo que lamentar v\u00edctimas fatales se acent\u00faa la tendencia alcista de la \u00faltima semana, seg\u00fan lo indica el informe diario. En las \u00faltimas 24 horas se detectaron otros 43 casos positivos mientras que 19 pacientes recibieron el alta. [&hellip;]<\/p>\n","protected":false},"author":3,"featured_media":74796,"comment_status":"closed","ping_status":"closed","sticky":false,"template":"","format":"standard","meta":{"footnotes":""},"categories":[3],"tags":[],"class_list":{"0":"post-74795","1":"post","2":"type-post","3":"status-publish","4":"format-standard","5":"has-post-thumbnail","7":"category-masnoticias"},"_links":{"self":[{"href":"https:\/\/primicias2262.com\/noticias\/wp-json\/wp\/v2\/posts\/74795","targetHints":{"allow":["GET"]}}],"collection":[{"href":"https:\/\/primicias2262.com\/noticias\/wp-json\/wp\/v2\/posts"}],"about":[{"href":"https:\/\/primicias2262.com\/noticias\/wp-json\/wp\/v2\/types\/post"}],"author":[{"embeddable":true,"href":"https:\/\/primicias2262.com\/noticias\/wp-json\/wp\/v2\/users\/3"}],"replies":[{"embeddable":true,"href":"https:\/\/primicias2262.com\/noticias\/wp-json\/wp\/v2\/comments?post=74795"}],"version-history":[{"count":0,"href":"https:\/\/primicias2262.com\/noticias\/wp-json\/wp\/v2\/posts\/74795\/revisions"}],"wp:featuredmedia":[{"embeddable":true,"href":"https:\/\/primicias2262.com\/noticias\/wp-json\/"}],"wp:attachment":[{"href":"https:\/\/primicias2262.com\/noticias\/wp-json\/wp\/v2\/media?parent=74795"}],"wp:term":[{"taxonomy":"category","embeddable":true,"href":"https:\/\/primicias2262.com\/noticias\/wp-json\/wp\/v2\/categories?post=74795"},{"taxonomy":"post_tag","embeddable":true,"href":"https:\/\/primicias2262.com\/noticias\/wp-json\/wp\/v2\/tags?post=74795"}],"curies":[{"name":"wp","href":"https:\/\/api.w.org\/{rel}","templated":true}]}}