{"id":74940,"date":"2021-03-05T20:21:36","date_gmt":"2021-03-05T23:21:36","guid":{"rendered":"https:\/\/primicias2262.com\/?p=74940"},"modified":"2021-03-05T20:21:36","modified_gmt":"2021-03-05T23:21:36","slug":"otros-dos-fallecidos-por-covid-en-nuestro-distrito-y-ahora-totalizan-75-en-total","status":"publish","type":"post","link":"https:\/\/primicias2262.com\/noticias\/otros-dos-fallecidos-por-covid-en-nuestro-distrito-y-ahora-totalizan-75-en-total\/","title":{"rendered":"Otros dos fallecidos por Covid en nuestro distrito y ahora totalizan 75 en total"},"content":{"rendered":"<p>Otros dos pacientes Covid fallecieron en las \u00faltimas 24 horas y el n\u00famero de v\u00edctimas fatales trep\u00f3 a 75, en tanto cay\u00f3 la cantidad de casos activos al detectarse 41 nuevos contagios pero 53 personas recibieron el alta m\u00e9dica.<\/p>\n<p>De los 369 casos activos, 362 se localizan en Necochea y Quequ\u00e9n, 5 en La Dulce y 2 en Claraz, mientras que ahora son s\u00f3lo 8 los pacientes que se hallan internados en el Hospital Ferreyra y 5 reciben asistencia respiratoria mec\u00e1nica.<\/p>\n<p>Desde que se inici\u00f3 la pandemia en marzo del a\u00f1o pasado se han contabilizado 6738 casos positivos, con 6294 recuperados y 75 fallecidos.<\/p>\n<p><img loading=\"lazy\" decoding=\"async\" class=\"aligncenter size-full wp-image-74941\" src=\"https:\/\/primicias2262.com\/wp-content\/uploads\/2021\/04\/Informe.jpeg\" alt=\"\" width=\"1280\" height=\"819\" \/><\/p>\n","protected":false},"excerpt":{"rendered":"<p>Otros dos pacientes Covid fallecieron en las \u00faltimas 24 horas y el n\u00famero de v\u00edctimas fatales trep\u00f3 a 75, en tanto cay\u00f3 la cantidad de casos activos al detectarse 41 nuevos contagios pero 53 personas recibieron el alta m\u00e9dica. De los 369 casos activos, 362 se localizan en Necochea y Quequ\u00e9n, 5 en La Dulce [&hellip;]<\/p>\n","protected":false},"author":3,"featured_media":73726,"comment_status":"closed","ping_status":"closed","sticky":false,"template":"","format":"standard","meta":{"footnotes":""},"categories":[3],"tags":[],"class_list":{"0":"post-74940","1":"post","2":"type-post","3":"status-publish","4":"format-standard","5":"has-post-thumbnail","7":"category-masnoticias"},"_links":{"self":[{"href":"https:\/\/primicias2262.com\/noticias\/wp-json\/wp\/v2\/posts\/74940","targetHints":{"allow":["GET"]}}],"collection":[{"href":"https:\/\/primicias2262.com\/noticias\/wp-json\/wp\/v2\/posts"}],"about":[{"href":"https:\/\/primicias2262.com\/noticias\/wp-json\/wp\/v2\/types\/post"}],"author":[{"embeddable":true,"href":"https:\/\/primicias2262.com\/noticias\/wp-json\/wp\/v2\/users\/3"}],"replies":[{"embeddable":true,"href":"https:\/\/primicias2262.com\/noticias\/wp-json\/wp\/v2\/comments?post=74940"}],"version-history":[{"count":0,"href":"https:\/\/primicias2262.com\/noticias\/wp-json\/wp\/v2\/posts\/74940\/revisions"}],"wp:featuredmedia":[{"embeddable":true,"href":"https:\/\/primicias2262.com\/noticias\/wp-json\/"}],"wp:attachment":[{"href":"https:\/\/primicias2262.com\/noticias\/wp-json\/wp\/v2\/media?parent=74940"}],"wp:term":[{"taxonomy":"category","embeddable":true,"href":"https:\/\/primicias2262.com\/noticias\/wp-json\/wp\/v2\/categories?post=74940"},{"taxonomy":"post_tag","embeddable":true,"href":"https:\/\/primicias2262.com\/noticias\/wp-json\/wp\/v2\/tags?post=74940"}],"curies":[{"name":"wp","href":"https:\/\/api.w.org\/{rel}","templated":true}]}}