{"id":76060,"date":"2021-05-02T19:13:21","date_gmt":"2021-05-02T22:13:21","guid":{"rendered":"https:\/\/primicias2262.com\/?p=76060"},"modified":"2021-05-02T19:13:21","modified_gmt":"2021-05-02T22:13:21","slug":"profundo-dolor-por-el-fallecimiento-del-dr-hector-hernandez-rubio","status":"publish","type":"post","link":"https:\/\/primicias2262.com\/noticias\/profundo-dolor-por-el-fallecimiento-del-dr-hector-hernandez-rubio\/","title":{"rendered":"Profundo dolor por el fallecimiento del Dr. H\u00e9ctor Hern\u00e1ndez Rubio"},"content":{"rendered":"<p>A la edad de 80 a\u00f1os, otro de los pacientes afectados por el coronavirus, falleci\u00f3 el conocido m\u00e9dico pediatra H\u00e9ctor Hern\u00e1ndez Rubio.<\/p>\n<p>La triste noticia gener\u00f3 m\u00faltiples mensajes de pesar en las redes sociales, tanto de amigos, allegados, ex pacientes y quienes tuvieron la posibilidad de tratarlo.<\/p>\n<p>Hern\u00e1ndez Rubio fue uno de los socios fundadores de la Cl\u00ednica Cruz Azul, que hoy tiene como director a su hijo Ariel, quien hace algunas horas poste\u00f3 en su cuenta de Facebook: \u00abEste es mi Viejo y est\u00e1 pasando un mal momento con este virus de M &#8230; me encantar\u00eda que todas las personas que lo conocen escriban algo . Alguna historia, alg\u00fan recuerdo y entre todos ayudar y pedir para que se mejore FUERZA PA.<\/p>\n<p>&nbsp;<\/p>\n","protected":false},"excerpt":{"rendered":"<p>A la edad de 80 a\u00f1os, otro de los pacientes afectados por el coronavirus, falleci\u00f3 el conocido m\u00e9dico pediatra H\u00e9ctor Hern\u00e1ndez Rubio. La triste noticia gener\u00f3 m\u00faltiples mensajes de pesar en las redes sociales, tanto de amigos, allegados, ex pacientes y quienes tuvieron la posibilidad de tratarlo. Hern\u00e1ndez Rubio fue uno de los socios fundadores [&hellip;]<\/p>\n","protected":false},"author":3,"featured_media":0,"comment_status":"closed","ping_status":"closed","sticky":false,"template":"","format":"standard","meta":{"footnotes":""},"categories":[3],"tags":[],"class_list":{"0":"post-76060","1":"post","2":"type-post","3":"status-publish","4":"format-standard","6":"category-masnoticias"},"_links":{"self":[{"href":"https:\/\/primicias2262.com\/noticias\/wp-json\/wp\/v2\/posts\/76060","targetHints":{"allow":["GET"]}}],"collection":[{"href":"https:\/\/primicias2262.com\/noticias\/wp-json\/wp\/v2\/posts"}],"about":[{"href":"https:\/\/primicias2262.com\/noticias\/wp-json\/wp\/v2\/types\/post"}],"author":[{"embeddable":true,"href":"https:\/\/primicias2262.com\/noticias\/wp-json\/wp\/v2\/users\/3"}],"replies":[{"embeddable":true,"href":"https:\/\/primicias2262.com\/noticias\/wp-json\/wp\/v2\/comments?post=76060"}],"version-history":[{"count":0,"href":"https:\/\/primicias2262.com\/noticias\/wp-json\/wp\/v2\/posts\/76060\/revisions"}],"wp:attachment":[{"href":"https:\/\/primicias2262.com\/noticias\/wp-json\/wp\/v2\/media?parent=76060"}],"wp:term":[{"taxonomy":"category","embeddable":true,"href":"https:\/\/primicias2262.com\/noticias\/wp-json\/wp\/v2\/categories?post=76060"},{"taxonomy":"post_tag","embeddable":true,"href":"https:\/\/primicias2262.com\/noticias\/wp-json\/wp\/v2\/tags?post=76060"}],"curies":[{"name":"wp","href":"https:\/\/api.w.org\/{rel}","templated":true}]}}