{"id":76066,"date":"2021-05-03T13:02:16","date_gmt":"2021-05-03T16:02:16","guid":{"rendered":"https:\/\/primicias2262.com\/?p=76066"},"modified":"2021-05-03T13:02:16","modified_gmt":"2021-05-03T16:02:16","slug":"la-sociologa-y-exdiputada-alcira-argumedo-fallecio-a-los-80-anos","status":"publish","type":"post","link":"https:\/\/primicias2262.com\/noticias\/la-sociologa-y-exdiputada-alcira-argumedo-fallecio-a-los-80-anos\/","title":{"rendered":"La soci\u00f3loga y exdiputada Alcira Argumedo falleci\u00f3 a los 80 a\u00f1os"},"content":{"rendered":"<p>La soci\u00f3loga, intelectual y exdiputada nacional por dos per\u00edodos (2009-2013 y 2013-2017) Alcira Argumedo muri\u00f3 este domingo, a los 80 a\u00f1os, producto de un c\u00e1ncer de pulm\u00f3n, y tras conocerse la noticia, que inicialmente fue informada por familiares y amigos desde su cuenta de Twitter, se sucedieron las expresiones de afecto, de tristeza, de reconocimiento y homenaje a quien desde hace a\u00f1os era considerada como una de las personalidades m\u00e1s representativas del pensamiento latinoamericano, de la sociolog\u00eda cr\u00edtica y de lo que, en palabras del exdirector de la Biblioteca Nacional Horacio Gonz\u00e1lez, podr\u00eda definirse como la \u00abteor\u00eda de la liberaci\u00f3n\u00bb de Am\u00e9rica Latina.<\/p>\n<div class=\"auth\"><strong>Qui\u00e9n era Alcira Argumedo<\/strong><\/div>\n<p>Nacida en Rosario en 1940, en una familia de clase media acomodada que resid\u00eda en el tradicional barrio de Fisherton, en las afueras de la ciudad, Argumedo practic\u00f3 nataci\u00f3n hasta su juventud y lleg\u00f3 a competir con r\u00e9cords provinciales en los estilos crawl y pecho, pero su vida dio algo parecido a un vuelco en 1959, al inscribirse en la Universidad de Buenos Aires para estudiar Sociolog\u00eda, carrera que el pionero Gino Germani hab\u00eda fundado apenas dos a\u00f1os antes, y de la que Argumedo lleg\u00f3 a ser, al completar sus estudios, la graduada n\u00famero 28.<\/p>\n<p>La coincidencia en su ingreso a Sociolog\u00eda con la Revoluci\u00f3n Cubana y el ingreso triunfal a La Habana de los guerrilleros del Movimiento 26 de julio, el 1\u00ba de enero de 1959, marc\u00f3 como algo m\u00e1s que un simple clima de \u00e9poca lo que ocurrir\u00eda durante aquellos a\u00f1os en las aulas y los claustros universitarios, como tambi\u00e9n en los debates de la izquierda y el llamado campo popular: por esa \u00e9poca Argumedo conoci\u00f3 al sacerdote nacido en Bogot\u00e1 Camilo Torres, un pionero de la sociolog\u00eda latinoamericana, que luego se sum\u00f3 a la lucha armada y en febrero de 1966 muri\u00f3 durante un combate de la guerrilla ELN con el ej\u00e9rcito regular de Colombia.<\/p>\n<div class=\"auth\"><strong>Su formaci\u00f3n acad\u00e9mica<\/strong><\/div>\n<p>En cuanto a la vida acad\u00e9mica, Argumedo fue una de las impulsoras de una poco frecuente &#8216;huelga&#8217; a la c\u00e1tedra de metodolog\u00eda que tuvo lugar en el a\u00f1o 1962, protesta en la que reprocharon al docente a cargo expresar en sus clases el \u00abempirismo abstracto\u00bb que unos a\u00f1os antes hab\u00eda impugnado el soci\u00f3logo norteamericano Charles Wright Mills. En esa primera mitad de los &#8217;60 Argumedo conoci\u00f3 a quien ser\u00eda su esposo y el padre de sus hijos, Gunnar Olsson, que se hab\u00eda criado cerca de la familia de Ra\u00fal Scalabrini Ortiz, uno de los pensadores ligados a los estudios y las denuncias sobre la soberan\u00eda y la dependencia econ\u00f3mica del pa\u00eds.<\/p>\n<p>Argumedo, el soci\u00f3logo Roberto Carri -secuestrado y desaparecido durante la dictadura c\u00edvico militar- y el propio Olsson, junto con otros intelectuales, ser\u00edan a partir de 1968 algunos de los nombres asociados a lo que pronto se llamaron &#8216;las c\u00e1tedras nacionales&#8217;, proceso de renovaci\u00f3n curricular y acad\u00e9mica que profundiz\u00f3 el estudio de la cuesti\u00f3n nacional y que se inici\u00f3 a partir del desembarco en la Facultad de Filosof\u00eda y Letras de los soci\u00f3logos Justino O\u00b4Farrell y Gonzalo C\u00e1rdenas. &#8216;Las c\u00e1tedras nacionales&#8217;, luego de una interrupci\u00f3n producto de una nueva intervenci\u00f3n militar, se retomar\u00edan en 1973 con el triunfo electoral del Frente Justicialista de Liberaci\u00f3n (Frejuli).<\/p>\n<p>Sobre aquella \u00e9poca en la universidad, el exdirector de la Biblioteca Nacional asegur\u00f3 en di\u00e1logo con T\u00e9lam que Argumedo y Carri, que eran amigos, conformaban por entonces \u00abuna pareja suficientemente simb\u00f3lica\u00bb de las c\u00e1tedras nacionales, aunque tambi\u00e9n incorpor\u00f3 en ese lote \u00abal esposo de Alcira, Gunnar Olsson, que tuvo mucha importancia y falleci\u00f3 en M\u00e9xico, que fue un fil\u00f3sofo hegeliano de gran nivel\u00bb.<\/p>\n<p>Gonz\u00e1lez, tambi\u00e9n soci\u00f3logo como Argumedo, defini\u00f3 a su amiga y compa\u00f1era por largos a\u00f1os en iniciativas acad\u00e9micas y pol\u00edticas como \u00abuna oradora serena y en\u00e9rgica al mismo tiempo, con un tono profesoral y pedag\u00f3gico de gran estilo\u00bb. \u00abAlcira ten\u00eda una virtuosidad pol\u00edtica y, al mismo tiempo, sosten\u00eda la ciencia sociol\u00f3gica como un valor productivo e indicador necesario de los pasos que se deb\u00edan dar en pol\u00edtica\u00bb, repas\u00f3 ante esta agencia.<\/p>\n<p>Esa vocaci\u00f3n por el rigor y por, en palabras de Gonz\u00e1lez, \u00absuministrar a todo lo que dec\u00eda una fuerte apoyatura de datos\u00bb, llev\u00f3 a Argumedo a desarrollar una carrera acad\u00e9mica que se inici\u00f3 como docente auxiliar en Introducci\u00f3n a la Sociolog\u00eda, luego como ayudante en la materia Sociolog\u00eda Sistem\u00e1tica (donde comparti\u00f3 c\u00e1tedra con Miguel Murmis, Eliseo Ver\u00f3n, Silvia Sigal, Liliana de Riz y Juan Carlos Portantiero) y m\u00e1s tarde, entre 1973 y 1976, como directora del Instituto del Tercer Mundo \u00abManuel Ugarte\u00bb, dependiente del rectorado de la UBA. Por esos a\u00f1os, adem\u00e1s, ingres\u00f3 como investigadora al Instituto Nacional de Estad\u00edsticas y Censos (Indec), de donde la despedir\u00edan tras el golpe de Estado.<\/p>\n<p>Entre la segunda mitad de los &#8217;60 y el inicio de la dictadura, Argumedo fue tambi\u00e9n protagonista de los cruces interdisciplinarios que se produc\u00edan entre la universidad, el cine, el teatro y el cristianismo de base, a partir de la irrupci\u00f3n de la teor\u00eda de la liberaci\u00f3n y la creaci\u00f3n en la Argentina del Movimiento de Sacerdotes del Tercer Mundo (MSTM). En esa \u00e9poca, Argumedo se conect\u00f3 con el director de cine Fernando \u00abPino\u00bb Solanas, con quien compartir\u00eda muchas experiencias a lo largo de su vida, incluso la construcci\u00f3n partidaria muchos a\u00f1os m\u00e1s tarde, con la creaci\u00f3n primero del Frente del Sur y posteriormente de Proyecto Sur.<\/p>\n<p>En relaci\u00f3n a esas afinidades pol\u00edticas e intercambios culturales, el periodista Horacio Verbitsky, que la trat\u00f3 mucho, record\u00f3 ante una consulta de T\u00e9lam que en una primera etapa no estaban \u00abdemasiado volcados hacia la pol\u00edtica, m\u00e1s bien al cine\u00bb y esa relaci\u00f3n, que luego incorpor\u00f3 la militancia pol\u00edtica, se mantuvo \u00aba lo largo de los a\u00f1os\u00bb a pesar de haber tenido \u00abdivergencias, discrepancias y mucha discusi\u00f3n\u00bb.<\/p>\n<p>\u00abNos reencontramos con mucha intensidad afectiva el a\u00f1o pasado en una audiencia en Tribunales, en el marco del juicio por la desaparici\u00f3n de nuestro amigo en com\u00fan Roberto Carri, porque Carri fue compa\u00f1ero m\u00edo en el diario Noticias y compa\u00f1ero de ella en las c\u00e1tedras nacionales\u00bb, record\u00f3 Verbitsky, quien al referirse al fallecimiento coment\u00f3: \u00abYo siempre la respet\u00e9 y valor\u00e9 mucho, se va una parte importante de nosotros con ella\u00bb.<\/p>\n<p><strong>Los libros de Argumedo<\/strong><\/p>\n<p>En el plano editorial, Argumedo escribi\u00f3 los libros \u00abMonopolios y Tercer Mundo\u00bb, \u00abEl Tercer Mundo: historias, problemas y perspectivas\u00bb, \u00abLos laberintos de la crisis\u00bb, \u00abUn horizonte sin certezas: Am\u00e9rica Latina ante la revoluci\u00f3n cient\u00edfico-t\u00e9cnica\u00bb y \u00abLos silencios y las voces en Am\u00e9rica Latina\u00bb, el que probablemente sea su libro m\u00e1s conocido y popular, infaltable bibliograf\u00eda de la carrera de Sociolog\u00eda que intelectuales de otra generaci\u00f3n, como el polit\u00f3logo y ensayista Diego Sztulwark, leyeron apenas ingresaron a la Facultad de Ciencias Sociales.<\/p>\n<p>\u00abLo que m\u00e1s recuerdo de Alcira era un tipo de antimperialismo l\u00facido y consecuente, un discurso antimperialista que viniendo de la voz de ella ten\u00eda mucho m\u00e1s sustento en la experiencia y en la historia, y eso era importante para los que ten\u00edamos veinte a\u00f1os y deb\u00edamos recurrir a los libros para saber qu\u00e9 cosa era el antimperialismo\u00bb, rememor\u00f3 Sztulwark a pedido de T\u00e9lam.<\/p>\n<p>Y, luego, al ser consultado por la influencia de Argumedo, a\u00f1adi\u00f3: \u00abAlcira era una persona pr\u00f3xima, con una sonrisa esplendida, con los ojos muy brillosos, muy conversadora, con una voz entre grave y trabajada por el cigarrillo. Todos sab\u00edamos que hab\u00eda tenido tragedias personales fuertes y que se hab\u00eda destacado mucho en las &#8216;c\u00e1tedras nacionales&#8217;. Ella expresaba, dicho muy a grandes rasgos, un peronismo que asum\u00eda el marxismo de una manera desinhibida, no con culpa, no escondi\u00e9ndolo, y por lo tanto vinculado siempre a una izquierda\u00bb, repas\u00f3.<\/p>\n<div class=\"auth\"><strong>Argumedo diputada<\/strong><\/div>\n<p>En sus dos mandatos como diputada, Argumedo impuls\u00f3, entre otras iniciativas, los proyectos de ley de propiedad comunitaria ind\u00edgena, de reparaci\u00f3n para las v\u00edctimas de la tragedia de Croma\u00f1\u00f3n y de gesti\u00f3n social del reciclado. De su actuaci\u00f3n legislativa se recuerdan algunas intervenciones con cuestionamientos muy duros y argumentaciones fundadas en datos, exposiciones que Gonz\u00e1lez, su amigo de toda la vida, defini\u00f3 como \u00abgrandes discursos de la C\u00e1mara\u00bb.<\/p>\n<p>En esos planteos, revivi\u00f3 el extitular de la Biblioteca con motivo de su muerte, Argumedo mostr\u00f3 \u00abuna comprensi\u00f3n de todas las napas oscuras que tiene la Argentina y, hundida en eso, supo mantener en alto todas las banderas que mantuvo toda su vida de una manera trascendente, impoluta, cient\u00edfica y al mismo tiempo emotiva\u00bb.<\/p>\n<p>\u00abAlcira es una de las intelectuales m\u00e1s importantes de una teor\u00eda de la liberaci\u00f3n que supon\u00eda un sesgo nacional-popular y socialmente avanzado, en lo econ\u00f3mico la recuperaci\u00f3n de todos los resortes de autonom\u00eda de un pa\u00eds y en la militancia pol\u00edtica una virtuosidad que la hac\u00eda ponerse en la primera fila de la cr\u00edtica\u00bb, resumi\u00f3.<\/p>\n","protected":false},"excerpt":{"rendered":"<p>La soci\u00f3loga, intelectual y exdiputada nacional por dos per\u00edodos (2009-2013 y 2013-2017) Alcira Argumedo muri\u00f3 este domingo, a los 80 a\u00f1os, producto de un c\u00e1ncer de pulm\u00f3n, y tras conocerse la noticia, que inicialmente fue informada por familiares y amigos desde su cuenta de Twitter, se sucedieron las expresiones de afecto, de tristeza, de reconocimiento [&hellip;]<\/p>\n","protected":false},"author":3,"featured_media":76067,"comment_status":"closed","ping_status":"closed","sticky":false,"template":"","format":"standard","meta":{"footnotes":""},"categories":[4],"tags":[],"class_list":{"0":"post-76066","1":"post","2":"type-post","3":"status-publish","4":"format-standard","5":"has-post-thumbnail","7":"category-actualidad"},"_links":{"self":[{"href":"https:\/\/primicias2262.com\/noticias\/wp-json\/wp\/v2\/posts\/76066","targetHints":{"allow":["GET"]}}],"collection":[{"href":"https:\/\/primicias2262.com\/noticias\/wp-json\/wp\/v2\/posts"}],"about":[{"href":"https:\/\/primicias2262.com\/noticias\/wp-json\/wp\/v2\/types\/post"}],"author":[{"embeddable":true,"href":"https:\/\/primicias2262.com\/noticias\/wp-json\/wp\/v2\/users\/3"}],"replies":[{"embeddable":true,"href":"https:\/\/primicias2262.com\/noticias\/wp-json\/wp\/v2\/comments?post=76066"}],"version-history":[{"count":0,"href":"https:\/\/primicias2262.com\/noticias\/wp-json\/wp\/v2\/posts\/76066\/revisions"}],"wp:featuredmedia":[{"embeddable":true,"href":"https:\/\/primicias2262.com\/noticias\/wp-json\/"}],"wp:attachment":[{"href":"https:\/\/primicias2262.com\/noticias\/wp-json\/wp\/v2\/media?parent=76066"}],"wp:term":[{"taxonomy":"category","embeddable":true,"href":"https:\/\/primicias2262.com\/noticias\/wp-json\/wp\/v2\/categories?post=76066"},{"taxonomy":"post_tag","embeddable":true,"href":"https:\/\/primicias2262.com\/noticias\/wp-json\/wp\/v2\/tags?post=76066"}],"curies":[{"name":"wp","href":"https:\/\/api.w.org\/{rel}","templated":true}]}}