{"id":76072,"date":"2021-05-03T13:41:16","date_gmt":"2021-05-03T16:41:16","guid":{"rendered":"https:\/\/primicias2262.com\/?p=76072"},"modified":"2021-05-03T13:41:16","modified_gmt":"2021-05-03T16:41:16","slug":"kicillof-sobre-el-aumento-en-las-tarifas-de-electricidad-esa-discusion-esta-saldada","status":"publish","type":"post","link":"https:\/\/primicias2262.com\/noticias\/kicillof-sobre-el-aumento-en-las-tarifas-de-electricidad-esa-discusion-esta-saldada\/","title":{"rendered":"Kicillof, sobre el aumento en las tarifas de electricidad: \u00abEsa discusi\u00f3n est\u00e1 saldada\u00bb"},"content":{"rendered":"<p>El gobernador de la provincia de Buenos Aires, Axel Kicillof, consider\u00f3 este lunes \u00absaldada la discusi\u00f3n\u00bb sobre el aumento en la tarifa promedio de los usuarios de Edenor y Edesur que comenz\u00f3 a regir el s\u00e1bado \u00faltimo, de un 9 por ciento, y se\u00f1al\u00f3 que, en el actual contexto, \u00abgenerar aumentos mayores es muy dif\u00edcil\u00bb.<\/p>\n<p>En este punto, puso el acento en la gravitancia que tienen ambas compa\u00f1\u00edas en el conurbano, y asever\u00f3 que haber logrado \u00abun incremento menor a dos cifras es importante\u00bb y es \u00abuna forma de salir de este problema\u00bb.<\/p>\n<p>Por otro lado, en declaraciones formuladas esta ma\u00f1ana a El Destape Radio, el mandatario provincial afirm\u00f3 que el subsecretario de Energ\u00eda, Federico Basualdo, \u00abes un excelente funcionario\u00bb.<\/p>\n<p>Adem\u00e1s, Kicillof\u00a0<strong>se\u00f1al\u00f3 que las tarifas el\u00e9ctricas ven\u00edan \u00abde dos a\u00f1os de congelamiento\u00bb, desde 2019, pero explic\u00f3 que los incrementos deben considerar \u00abn\u00fameros asequibles\u00bb.<\/strong><\/p>\n<p>En ese contexto, record\u00f3 que, a nivel provincial, autorizaron a las distribuidoras provinciales de energ\u00eda el\u00e9ctrica incrementos en el orden del 7%.<\/p>\n<p>\u00abEl aumento de tarifas durante el macrismo termin\u00f3 en endeudamiento y fuga. No sirvi\u00f3 para nada\u00bb, enfatiz\u00f3 Kicillof.<\/p>\n<p>En la entrevista, el mandatario provincial se mostr\u00f3 de acuerdo con el incremento del 9% dispuesto por el Gobierno nacional para las tarifas de Edesur y Edenor que rige desde el s\u00e1bado pasado.<\/p>\n<p><strong>\u00abEntiendo que ya se estableci\u00f3 un aumento del 9 por ciento y esa discusi\u00f3n est\u00e1 saldada\u00bb<\/strong>, dijo Kicillof, a la vez que consider\u00f3 que \u00abgenerar aumentos mayores es muy dif\u00edcil\u00bb.<\/p>\n<p>En este sentido, dijo que \u00abtodo hay que repensarlo en el marco de la segunda ola, y luego ver con las compa\u00f1\u00edas c\u00f3mo quedan y c\u00f3mo est\u00e1n\u00bb.<\/p>\n","protected":false},"excerpt":{"rendered":"<p>El gobernador de la provincia de Buenos Aires, Axel Kicillof, consider\u00f3 este lunes \u00absaldada la discusi\u00f3n\u00bb sobre el aumento en la tarifa promedio de los usuarios de Edenor y Edesur que comenz\u00f3 a regir el s\u00e1bado \u00faltimo, de un 9 por ciento, y se\u00f1al\u00f3 que, en el actual contexto, \u00abgenerar aumentos mayores es muy dif\u00edcil\u00bb. [&hellip;]<\/p>\n","protected":false},"author":3,"featured_media":76073,"comment_status":"closed","ping_status":"closed","sticky":false,"template":"","format":"standard","meta":{"footnotes":""},"categories":[4],"tags":[],"class_list":{"0":"post-76072","1":"post","2":"type-post","3":"status-publish","4":"format-standard","5":"has-post-thumbnail","7":"category-actualidad"},"_links":{"self":[{"href":"https:\/\/primicias2262.com\/noticias\/wp-json\/wp\/v2\/posts\/76072","targetHints":{"allow":["GET"]}}],"collection":[{"href":"https:\/\/primicias2262.com\/noticias\/wp-json\/wp\/v2\/posts"}],"about":[{"href":"https:\/\/primicias2262.com\/noticias\/wp-json\/wp\/v2\/types\/post"}],"author":[{"embeddable":true,"href":"https:\/\/primicias2262.com\/noticias\/wp-json\/wp\/v2\/users\/3"}],"replies":[{"embeddable":true,"href":"https:\/\/primicias2262.com\/noticias\/wp-json\/wp\/v2\/comments?post=76072"}],"version-history":[{"count":0,"href":"https:\/\/primicias2262.com\/noticias\/wp-json\/wp\/v2\/posts\/76072\/revisions"}],"wp:featuredmedia":[{"embeddable":true,"href":"https:\/\/primicias2262.com\/noticias\/wp-json\/"}],"wp:attachment":[{"href":"https:\/\/primicias2262.com\/noticias\/wp-json\/wp\/v2\/media?parent=76072"}],"wp:term":[{"taxonomy":"category","embeddable":true,"href":"https:\/\/primicias2262.com\/noticias\/wp-json\/wp\/v2\/categories?post=76072"},{"taxonomy":"post_tag","embeddable":true,"href":"https:\/\/primicias2262.com\/noticias\/wp-json\/wp\/v2\/tags?post=76072"}],"curies":[{"name":"wp","href":"https:\/\/api.w.org\/{rel}","templated":true}]}}