{"id":76075,"date":"2021-05-03T13:25:58","date_gmt":"2021-05-03T16:25:58","guid":{"rendered":"https:\/\/primicias2262.com\/?p=76075"},"modified":"2021-05-03T13:25:58","modified_gmt":"2021-05-03T16:25:58","slug":"entregan-formalmente-el-informe-pericial-sobre-la-muerte-de-maradona-en-la-fiscalia-general","status":"publish","type":"post","link":"https:\/\/primicias2262.com\/noticias\/entregan-formalmente-el-informe-pericial-sobre-la-muerte-de-maradona-en-la-fiscalia-general\/","title":{"rendered":"Entregan formalmente el informe pericial sobre la muerte de Maradona en la Fiscal\u00eda General"},"content":{"rendered":"<p>El\u00a0informe de la junta de 22 peritos\u00a0que determin\u00f3 que el equipo m\u00e9dico de Diego Armando Maradona fue \u00abtemerario\u00bb en la atenci\u00f3n de sus pluripatolog\u00edas e \u00abindiferente\u00bb ante la posibilidad cierta de su muerte, ser\u00e1 entregado formalmente este mediod\u00eda al equipo de fiscales que lleva adelante la investigaci\u00f3n, informaron fuentes judiciales.<\/p>\n<p>A pesar de que los resultados trascendieron el pasado vienes, la entrega oficial del escrito por parte del jefe del cuerpo m\u00e9dico de San Isidro, Federico Corasaniti, quien actu\u00f3 como coordinador de la junta m\u00e9dica, se realizar\u00e1 a las 12 en la sede de la fiscal\u00eda General de ese distrito, situada en la calle Acassuso 476, donde tambi\u00e9n fueron convocadas las partes para firmar su recepci\u00f3n.<\/p>\n<p>Cuatro fuentes judiciales consultadas por T\u00e9lam consideraron que<strong>\u00a0las 70 p\u00e1ginas del informe complican la situaci\u00f3n de los imputados<\/strong>, en especial la del neurocirujano Leopoldo Luque y la psiquiatra Agustina Cosachov.<\/p>\n<p>\u00abLas conclusiones de la junta son lapidarias y ser\u00e1n el sost\u00e9n de la hip\u00f3tesis del dolo eventual en la que ya se estaba trabajando\u00bb, dijo a T\u00e9lam uno de los investigadores judiciales.<\/p>\n<p>La diferencia radica en que hasta ahora los siete imputados hab\u00edan sido notificados que se los investigaba por un \u00abhomicidio culposo\u00bb, delito que prev\u00e9 una pena excarcelable de 1 a 5 a\u00f1os de prisi\u00f3n, pero el\u00a0<strong>\u00abhomicidio simple con dolo eventual\u00bb se castiga con prisi\u00f3n de 8 a 25 a\u00f1os<\/strong>, lo que incluso podr\u00eda derivar en pedidos de detenci\u00f3n para algunos de los acusados.<\/p>\n<p>Voceros judiciales anticiparon que la filtraci\u00f3n del documento es investigada por los fiscales, quienes sospechan que fue una maniobra de alguna de las defensas para intentar alg\u00fan planteo, ya que algunos abogados anunciaron que analizan pedir su nulidad por haber trascendido antes de su incorporaci\u00f3n formal al expediente.<\/p>\n<p>El equipo de investigadores coordinado por el fiscal general de San Isidro John Broyad, e integrado por sus adjuntos Patricio Ferrari y Cosme Iribarren, y por la fiscal de Benav\u00eddez, Laura Capra, se tomar\u00e1 un par de semanas para analizar las conclusiones y en base a ellas formular la imputaci\u00f3n para los llamados a indagatoria.<\/p>\n<p>Los fiscales no solo tienen pr\u00e1cticamente decidido cambiar la car\u00e1tula a \u00abhomicidio simple con dolo eventual\u00bb, sino que adem\u00e1s\u00a0<strong>eval\u00faa sumar nuevos imputados\u00a0<\/strong>del entorno no m\u00e9dico de Maradona.<\/p>\n<p>Los representantes del Ministerio P\u00fablico se preguntan por qu\u00e9, pese a las alarmas, la complejidad de sus patolog\u00edas y sabiendo que deb\u00eda desintoxicarse de su adicci\u00f3n al alcohol,<strong>\u00a0nadie intern\u00f3 a Maradona con los recaudos necesarios<\/strong>\u00a0y si el r\u00e9dito econ\u00f3mico que generaba tener al \u00ab10\u00bb bajo la \u00f3rbita del \u00abaparato Maradona\u00bb\u00a0manejado por el abogado Mat\u00edas Morla\u00a0-y del que formaban parte los m\u00e9dicos de cabecera-, tuvo alguna influencia en su desenlace.<\/p>\n<p>La junta m\u00e9dica concluy\u00f3 que\u00a0Diego Maradona agoniz\u00f3 12 horas antes de morir a los 60 a\u00f1os\u00a0el 25 de noviembre de 2020, que \u00abno estaba en pleno uso de sus facultades mentales\u00bb, que el operativo montado en la casa de del barrio San Andr\u00e9s de Tigre no era una internaci\u00f3n domiciliaria y que pudo haber tenido \u00abm\u00e1s chances de sobrevida\u00bb si hubiera estado en una cl\u00ednica.<\/p>\n","protected":false},"excerpt":{"rendered":"<p>El\u00a0informe de la junta de 22 peritos\u00a0que determin\u00f3 que el equipo m\u00e9dico de Diego Armando Maradona fue \u00abtemerario\u00bb en la atenci\u00f3n de sus pluripatolog\u00edas e \u00abindiferente\u00bb ante la posibilidad cierta de su muerte, ser\u00e1 entregado formalmente este mediod\u00eda al equipo de fiscales que lleva adelante la investigaci\u00f3n, informaron fuentes judiciales. A pesar de que los [&hellip;]<\/p>\n","protected":false},"author":3,"featured_media":76076,"comment_status":"closed","ping_status":"closed","sticky":false,"template":"","format":"standard","meta":{"footnotes":""},"categories":[4],"tags":[],"class_list":{"0":"post-76075","1":"post","2":"type-post","3":"status-publish","4":"format-standard","5":"has-post-thumbnail","7":"category-actualidad"},"_links":{"self":[{"href":"https:\/\/primicias2262.com\/noticias\/wp-json\/wp\/v2\/posts\/76075","targetHints":{"allow":["GET"]}}],"collection":[{"href":"https:\/\/primicias2262.com\/noticias\/wp-json\/wp\/v2\/posts"}],"about":[{"href":"https:\/\/primicias2262.com\/noticias\/wp-json\/wp\/v2\/types\/post"}],"author":[{"embeddable":true,"href":"https:\/\/primicias2262.com\/noticias\/wp-json\/wp\/v2\/users\/3"}],"replies":[{"embeddable":true,"href":"https:\/\/primicias2262.com\/noticias\/wp-json\/wp\/v2\/comments?post=76075"}],"version-history":[{"count":0,"href":"https:\/\/primicias2262.com\/noticias\/wp-json\/wp\/v2\/posts\/76075\/revisions"}],"wp:featuredmedia":[{"embeddable":true,"href":"https:\/\/primicias2262.com\/noticias\/wp-json\/"}],"wp:attachment":[{"href":"https:\/\/primicias2262.com\/noticias\/wp-json\/wp\/v2\/media?parent=76075"}],"wp:term":[{"taxonomy":"category","embeddable":true,"href":"https:\/\/primicias2262.com\/noticias\/wp-json\/wp\/v2\/categories?post=76075"},{"taxonomy":"post_tag","embeddable":true,"href":"https:\/\/primicias2262.com\/noticias\/wp-json\/wp\/v2\/tags?post=76075"}],"curies":[{"name":"wp","href":"https:\/\/api.w.org\/{rel}","templated":true}]}}