{"id":76087,"date":"2021-05-03T20:14:30","date_gmt":"2021-05-03T23:14:30","guid":{"rendered":"https:\/\/primicias2262.com\/?p=76087"},"modified":"2021-05-03T20:14:30","modified_gmt":"2021-05-03T23:14:30","slug":"comenzo-a-funcionar-el-nuevo-comite-operativo-de-emergencia","status":"publish","type":"post","link":"https:\/\/primicias2262.com\/noticias\/comenzo-a-funcionar-el-nuevo-comite-operativo-de-emergencia\/","title":{"rendered":"Comenz\u00f3 a funcionar el nuevo Comit\u00e9 Operativo de Emergencia"},"content":{"rendered":"<p><strong>Este lunes qued\u00f3 conformado por autoridades provinciales y municipales, y es encabezado por el intendente Arturo Rojas. Tomar\u00e1 decisiones sanitarias para el territorio, informar\u00e1 sobre la situaci\u00f3n epidemiol\u00f3gica y articular\u00e1 medidas que ayuden a paliar las necesidades del sistema sanitario local.<\/strong><\/p>\n<p>En la jornada de hoy, a trav\u00e9s de un encuentro virtual, comenz\u00f3 a funcionar oficialmente el nuevo Comit\u00e9 Operativo de Emergencia (COE) del distrito de Necochea, tal como fuera convocado por el Ministerio de Salud provincial en cada municipio del territorio bonaerense, a trav\u00e9s de la solicitud de la m\u00e1xima autoridad de la cartera, el m\u00e9dico sanitarista Daniel Gollan.<\/p>\n<p>Este organismo tomar\u00e1 las decisiones sanitarias referentes al distrito, articular\u00e1 con Naci\u00f3n y Provincia medidas para paliar las necesidades del sistema sanitario local e informar acerca de la situaci\u00f3n epidemiol\u00f3gica semanalmente, adem\u00e1s de gestionar, de una manera m\u00e1s \u00e1gil, la llegada de insumos: medicamentos, descartables o aparatolog\u00eda, en el caso de que se necesitara armar nuevas unidades de Terapia Intensiva.<\/p>\n<div class=\"wp-block-media-text is-stacked-on-mobile is-vertically-aligned-top\">\n<div class=\"wp-block-media-text__content\">\n<p>El COE, que a partir de ahora tendr\u00e1 una composici\u00f3n mixta, con la injerencia de autoridades bonaerenses y municipales, qued\u00f3 conformado, en primera instancia, por el intendente Arturo Rojas, quien estar\u00e1 a la cabeza de este cuerpo; Nelson Gim\u00e9nez, director de Redes y Regiones; Gast\u00f3n Vargas, Martina Iparraguirre y Carlos Grillo, director Ejecutivo, directora Asociada y epidemi\u00f3logo de la Regi\u00f3n Sanitaria VIII, respectivamente; Ruth Kalle, secretar\u00eda de Salud de la comuna; \u00a0Elsa N\u00fa\u00f1ez, directora de Atenci\u00f3n Primaria; N\u00e9stor Valenti, director del Hospital \u201cDr. Emilio Ferreyra\u201d; y Adriana Turiaci, coordinadora de Atenci\u00f3n Primaria y una de las referentes de la campa\u00f1a de vacunaci\u00f3n en nuestro medio.<\/p>\n<\/div>\n<\/div>\n<p>Con respecto a esta primera reuni\u00f3n de trabajo,Kalle afirm\u00f3 que \u201cse plante\u00f3 la posibilidad de que Provincia d\u00e9 al municipio unidades enteras de Terapia Intensiva, para poder armar alguna unidad m\u00e1s en la guardia\u201d, agregando que \u201ctambi\u00e9n se plante\u00f3 la falta de medicamentos que permitan ventilar a los pacientes y mantenerlos sedados\u201d.<\/p>\n<p>Por otra parte, la funcionaria explic\u00f3 que se hizo referencia al funcionamiento del sistema sanitario local, remarcando que \u201csolo el municipio\u201d estuvo a cargo de sostener todo el operativo ligado al Covid-19, haciendo un apartado especial para exponer qu\u00e9 rol ocup\u00f3 el sector privado en este proceso.<\/p>\n","protected":false},"excerpt":{"rendered":"<p>Este lunes qued\u00f3 conformado por autoridades provinciales y municipales, y es encabezado por el intendente Arturo Rojas. Tomar\u00e1 decisiones sanitarias para el territorio, informar\u00e1 sobre la situaci\u00f3n epidemiol\u00f3gica y articular\u00e1 medidas que ayuden a paliar las necesidades del sistema sanitario local. En la jornada de hoy, a trav\u00e9s de un encuentro virtual, comenz\u00f3 a funcionar [&hellip;]<\/p>\n","protected":false},"author":3,"featured_media":76088,"comment_status":"closed","ping_status":"closed","sticky":false,"template":"","format":"standard","meta":{"footnotes":""},"categories":[3],"tags":[],"class_list":{"0":"post-76087","1":"post","2":"type-post","3":"status-publish","4":"format-standard","5":"has-post-thumbnail","7":"category-masnoticias"},"_links":{"self":[{"href":"https:\/\/primicias2262.com\/noticias\/wp-json\/wp\/v2\/posts\/76087","targetHints":{"allow":["GET"]}}],"collection":[{"href":"https:\/\/primicias2262.com\/noticias\/wp-json\/wp\/v2\/posts"}],"about":[{"href":"https:\/\/primicias2262.com\/noticias\/wp-json\/wp\/v2\/types\/post"}],"author":[{"embeddable":true,"href":"https:\/\/primicias2262.com\/noticias\/wp-json\/wp\/v2\/users\/3"}],"replies":[{"embeddable":true,"href":"https:\/\/primicias2262.com\/noticias\/wp-json\/wp\/v2\/comments?post=76087"}],"version-history":[{"count":0,"href":"https:\/\/primicias2262.com\/noticias\/wp-json\/wp\/v2\/posts\/76087\/revisions"}],"wp:featuredmedia":[{"embeddable":true,"href":"https:\/\/primicias2262.com\/noticias\/wp-json\/"}],"wp:attachment":[{"href":"https:\/\/primicias2262.com\/noticias\/wp-json\/wp\/v2\/media?parent=76087"}],"wp:term":[{"taxonomy":"category","embeddable":true,"href":"https:\/\/primicias2262.com\/noticias\/wp-json\/wp\/v2\/categories?post=76087"},{"taxonomy":"post_tag","embeddable":true,"href":"https:\/\/primicias2262.com\/noticias\/wp-json\/wp\/v2\/tags?post=76087"}],"curies":[{"name":"wp","href":"https:\/\/api.w.org\/{rel}","templated":true}]}}