{"id":76090,"date":"2021-05-03T20:42:40","date_gmt":"2021-05-03T23:42:40","guid":{"rendered":"https:\/\/primicias2262.com\/?p=76090"},"modified":"2021-05-03T20:42:40","modified_gmt":"2021-05-03T23:42:40","slug":"baja-el-numero-de-contagios-pero-sigue-creciendo-la-cantidad-de-victimas-fatales","status":"publish","type":"post","link":"https:\/\/primicias2262.com\/noticias\/baja-el-numero-de-contagios-pero-sigue-creciendo-la-cantidad-de-victimas-fatales\/","title":{"rendered":"Baja el n\u00famero de contagios pero sigue creciendo la cantidad de v\u00edctimas fatales"},"content":{"rendered":"<p>Si bien se acent\u00faa la ca\u00edda de contagios en nuestra ciudad, este lunes hubo que lamentar la muerte de otros dos pacientes y la cantidad de fallecidos ahora trep\u00f3 a 106 desde que comenz\u00f3 la pandemia.<\/p>\n<p>En tanto se detectaron otros 34 casos positivos y 40 pacientes recibieron el alta m\u00e9dica, pero sigue habiendo 21 personas internadas en el sector Covid del Hospital Ferreyra y el 75% de las camas cr\u00edticas est\u00e1n ocupadas.<\/p>\n<p>En este momento, los casos activos totalizan 465, de los cuales 462 se sit\u00faan en Necochea y Quequ\u00e9n, 1 en Juan N. Fern\u00e1ndez, 1 en La Dulce y 1 en Ram\u00f3n Santamarina.<\/p>\n","protected":false},"excerpt":{"rendered":"<p>Si bien se acent\u00faa la ca\u00edda de contagios en nuestra ciudad, este lunes hubo que lamentar la muerte de otros dos pacientes y la cantidad de fallecidos ahora trep\u00f3 a 106 desde que comenz\u00f3 la pandemia. En tanto se detectaron otros 34 casos positivos y 40 pacientes recibieron el alta m\u00e9dica, pero sigue habiendo 21 [&hellip;]<\/p>\n","protected":false},"author":3,"featured_media":76091,"comment_status":"closed","ping_status":"closed","sticky":false,"template":"","format":"standard","meta":{"footnotes":""},"categories":[3],"tags":[],"class_list":{"0":"post-76090","1":"post","2":"type-post","3":"status-publish","4":"format-standard","5":"has-post-thumbnail","7":"category-masnoticias"},"_links":{"self":[{"href":"https:\/\/primicias2262.com\/noticias\/wp-json\/wp\/v2\/posts\/76090","targetHints":{"allow":["GET"]}}],"collection":[{"href":"https:\/\/primicias2262.com\/noticias\/wp-json\/wp\/v2\/posts"}],"about":[{"href":"https:\/\/primicias2262.com\/noticias\/wp-json\/wp\/v2\/types\/post"}],"author":[{"embeddable":true,"href":"https:\/\/primicias2262.com\/noticias\/wp-json\/wp\/v2\/users\/3"}],"replies":[{"embeddable":true,"href":"https:\/\/primicias2262.com\/noticias\/wp-json\/wp\/v2\/comments?post=76090"}],"version-history":[{"count":0,"href":"https:\/\/primicias2262.com\/noticias\/wp-json\/wp\/v2\/posts\/76090\/revisions"}],"wp:featuredmedia":[{"embeddable":true,"href":"https:\/\/primicias2262.com\/noticias\/wp-json\/"}],"wp:attachment":[{"href":"https:\/\/primicias2262.com\/noticias\/wp-json\/wp\/v2\/media?parent=76090"}],"wp:term":[{"taxonomy":"category","embeddable":true,"href":"https:\/\/primicias2262.com\/noticias\/wp-json\/wp\/v2\/categories?post=76090"},{"taxonomy":"post_tag","embeddable":true,"href":"https:\/\/primicias2262.com\/noticias\/wp-json\/wp\/v2\/tags?post=76090"}],"curies":[{"name":"wp","href":"https:\/\/api.w.org\/{rel}","templated":true}]}}