{"id":76100,"date":"2021-05-04T10:16:05","date_gmt":"2021-05-04T13:16:05","guid":{"rendered":"https:\/\/primicias2262.com\/?p=76100"},"modified":"2021-05-04T10:16:05","modified_gmt":"2021-05-04T13:16:05","slug":"se-inauguro-en-loberia-el-centro-de-acopio-transitorio-para-envases-de-agroquimicos","status":"publish","type":"post","link":"https:\/\/primicias2262.com\/noticias\/se-inauguro-en-loberia-el-centro-de-acopio-transitorio-para-envases-de-agroquimicos\/","title":{"rendered":"Se inaugur\u00f3 en Lober\u00eda el Centro de Acopio Transitorio para envases de agroqu\u00edmicos"},"content":{"rendered":"<p><strong>Lober\u00eda dio el viernes un gran paso al quedar inaugurado el Centro de Acopio Transitorio (CAT) para envases de agroqu\u00edmicos fuera de uso, una estructura que permitir\u00e1 depositarlos de manera segura.<\/strong><\/p>\n<p>As\u00ed, el distrito loberense cuenta con un lugar habilitado para la disposici\u00f3n final y que tendr\u00e1 un impacto positivo en el ambiente. \u00abEste nuevo elemento nos permite cuidar m\u00e1s nuestro medio ambiente. Quiero agradecerles a todas las instituciones que apoyan estas iniciativas para llegar a estos objetivos: que a nuestros hijos y nietos les dejemos como herencia un medioambiente cuidado y sostenible. Que la comunidad tome la posta de esto es fundamental, estas son pol\u00edticas de Estado, son pol\u00edticas que trascienden las gestiones\u00bb, dijo el intendente de Lober\u00eda, Juan Jos\u00e9 Fioramonti, al inaugurarlo en compa\u00f1\u00eda del Director de Desarrollo Local Leandro Storti, integrantes del equipo de gobierno, instituciones que han compartido la iniciativa y trabajadores del SEMAR.<\/p>\n<p>El titular de la Direcci\u00f3n de Ambiente y H\u00e1bitat, Juan Schmitt, destac\u00f3 el impacto positivo del CAT, se\u00f1alando que el distrito ahora cuenta con uno de los 20 CAT habilitados en toda la Provincia, que permitir\u00e1 almacenar de 3.500 a 4.000 envases de agroqu\u00edmicos de acuerdo a la reglamentaci\u00f3n del OPDS, y que los envases se intercambiar\u00e1n por \u00e1rboles con una empresa marplatense para fortalecer el proyecto de forestaci\u00f3n que impulsa el gobierno loberense.<\/p>\n","protected":false},"excerpt":{"rendered":"<p>Lober\u00eda dio el viernes un gran paso al quedar inaugurado el Centro de Acopio Transitorio (CAT) para envases de agroqu\u00edmicos fuera de uso, una estructura que permitir\u00e1 depositarlos de manera segura. As\u00ed, el distrito loberense cuenta con un lugar habilitado para la disposici\u00f3n final y que tendr\u00e1 un impacto positivo en el ambiente. \u00abEste nuevo [&hellip;]<\/p>\n","protected":false},"author":3,"featured_media":76103,"comment_status":"closed","ping_status":"closed","sticky":false,"template":"","format":"standard","meta":{"footnotes":""},"categories":[4],"tags":[],"class_list":{"0":"post-76100","1":"post","2":"type-post","3":"status-publish","4":"format-standard","5":"has-post-thumbnail","7":"category-actualidad"},"_links":{"self":[{"href":"https:\/\/primicias2262.com\/noticias\/wp-json\/wp\/v2\/posts\/76100","targetHints":{"allow":["GET"]}}],"collection":[{"href":"https:\/\/primicias2262.com\/noticias\/wp-json\/wp\/v2\/posts"}],"about":[{"href":"https:\/\/primicias2262.com\/noticias\/wp-json\/wp\/v2\/types\/post"}],"author":[{"embeddable":true,"href":"https:\/\/primicias2262.com\/noticias\/wp-json\/wp\/v2\/users\/3"}],"replies":[{"embeddable":true,"href":"https:\/\/primicias2262.com\/noticias\/wp-json\/wp\/v2\/comments?post=76100"}],"version-history":[{"count":0,"href":"https:\/\/primicias2262.com\/noticias\/wp-json\/wp\/v2\/posts\/76100\/revisions"}],"wp:featuredmedia":[{"embeddable":true,"href":"https:\/\/primicias2262.com\/noticias\/wp-json\/"}],"wp:attachment":[{"href":"https:\/\/primicias2262.com\/noticias\/wp-json\/wp\/v2\/media?parent=76100"}],"wp:term":[{"taxonomy":"category","embeddable":true,"href":"https:\/\/primicias2262.com\/noticias\/wp-json\/wp\/v2\/categories?post=76100"},{"taxonomy":"post_tag","embeddable":true,"href":"https:\/\/primicias2262.com\/noticias\/wp-json\/wp\/v2\/tags?post=76100"}],"curies":[{"name":"wp","href":"https:\/\/api.w.org\/{rel}","templated":true}]}}