{"id":76106,"date":"2021-05-04T10:03:02","date_gmt":"2021-05-04T13:03:02","guid":{"rendered":"https:\/\/primicias2262.com\/?p=76106"},"modified":"2021-05-04T10:03:02","modified_gmt":"2021-05-04T13:03:02","slug":"nuevos-terminos-y-condiciones-de-whatsapp-que-es-lo-que-cambia","status":"publish","type":"post","link":"https:\/\/primicias2262.com\/noticias\/nuevos-terminos-y-condiciones-de-whatsapp-que-es-lo-que-cambia\/","title":{"rendered":"Nuevos t\u00e9rminos y condiciones de WhatsApp: qu\u00e9 es lo que cambia"},"content":{"rendered":"<p>Los\u00a0<b>cambios en los t\u00e9rminos y condiciones anunciados por WhatsApp\u00a0<\/b>a principio de a\u00f1o entrar\u00e1n en vigencia este mes, seg\u00fan anunci\u00f3 la compa\u00f1\u00eda. La nueva pol\u00edtica iba a ser implementada en febrero pero debi\u00f3 posponerse por la pol\u00e9mica que suscit\u00f3 entre los usuarios de la app.<\/p>\n<p>El anuncio de que parte del<b>\u00a0contenido de WhatsApp pod\u00eda ser compartido con Facebook<\/b>, empresa due\u00f1a del servicio de mensajer\u00eda, gener\u00f3 confusi\u00f3n entre los cientos de miles que usan la aplicaci\u00f3n para comunicarse a diario. Los nuevos t\u00e9rminos y condiciones fueron vistos como un avance sobre la privacidad de los usuarios.<\/p>\n<div id=\"talkFireEvent\"><\/div>\n<p>Si bien desde WhatsApp negaron que se tratara de esto \u00faltimo, decidieron postergar los cambios que entrar\u00e1n en vigencia este mes.<b>\u00a0El 15 de mayo ser\u00e1 la fecha l\u00edmite para aceptar los nuevos t\u00e9rminos.<\/b><\/p>\n<p>Desde la compa\u00f1\u00eda explicaron que la\u00a0<b>actualizaci\u00f3n proporcionar\u00e1 mayor transparencia en la forma de recopilaci\u00f3n y uso de datos<\/b>\u00a0y forma parte de la integraci\u00f3n de datos con Facebook, plataforma que tambi\u00e9n tiene como due\u00f1o a Mark Zuckerberg.<\/p>\n<h2>Cambios<\/h2>\n<p>En la notificaci\u00f3n de los cambios, que fue llegando a los usuarios a principio de a\u00f1o a trav\u00e9s de un mensaje emergente en las pantallas, WhatsApp anunciaba que, a partir del 8 de febrero, podr\u00e1\u00a0<b>\u00abusar los servicios alojados de Facebook para almacenar y administrar sus chats de WhatsApp\u201d\u00a0<\/b>y asociarse con la red social \u00abpara ofrecer integraciones en los productos\u201d.<\/p>\n<p>El mensaje tambi\u00e9n notificaba que, luego de la fecha indicada, \u00abdeber\u00e1s aceptar las actualizaciones para seguir usando WhatsApp\u00bb.<\/p>\n<p>Dentro de los datos que la aplicaci\u00f3n ahora compartir\u00e1 con Facebook se encuentra\u00a0<b>el n\u00famero de tel\u00e9fono del usuario, la informaci\u00f3n b\u00e1sica de su perfil, la ubicaci\u00f3n del dispositivo, los contactos y los estados compartidos.<\/b>\u00a0\u00abPodemos usar la informaci\u00f3n que recibimos para operar, proporcionar, mejorar, entender, personalizar, respaldar y promocionar nuestros servicios\u00bb, explic\u00f3 WhatsApp en su momento.<\/p>\n<p>En cuanto a las conversaciones, la aplicaci\u00f3n asegura que\u00a0<b>seguir\u00e1n protegidas por el \u00abcifrado de extremo a extremo\u00bb.<\/b><\/p>\n","protected":false},"excerpt":{"rendered":"<p>Los\u00a0cambios en los t\u00e9rminos y condiciones anunciados por WhatsApp\u00a0a principio de a\u00f1o entrar\u00e1n en vigencia este mes, seg\u00fan anunci\u00f3 la compa\u00f1\u00eda. La nueva pol\u00edtica iba a ser implementada en febrero pero debi\u00f3 posponerse por la pol\u00e9mica que suscit\u00f3 entre los usuarios de la app. El anuncio de que parte del\u00a0contenido de WhatsApp pod\u00eda ser compartido [&hellip;]<\/p>\n","protected":false},"author":3,"featured_media":0,"comment_status":"closed","ping_status":"closed","sticky":false,"template":"","format":"standard","meta":{"footnotes":""},"categories":[4],"tags":[],"class_list":{"0":"post-76106","1":"post","2":"type-post","3":"status-publish","4":"format-standard","6":"category-actualidad"},"_links":{"self":[{"href":"https:\/\/primicias2262.com\/noticias\/wp-json\/wp\/v2\/posts\/76106","targetHints":{"allow":["GET"]}}],"collection":[{"href":"https:\/\/primicias2262.com\/noticias\/wp-json\/wp\/v2\/posts"}],"about":[{"href":"https:\/\/primicias2262.com\/noticias\/wp-json\/wp\/v2\/types\/post"}],"author":[{"embeddable":true,"href":"https:\/\/primicias2262.com\/noticias\/wp-json\/wp\/v2\/users\/3"}],"replies":[{"embeddable":true,"href":"https:\/\/primicias2262.com\/noticias\/wp-json\/wp\/v2\/comments?post=76106"}],"version-history":[{"count":0,"href":"https:\/\/primicias2262.com\/noticias\/wp-json\/wp\/v2\/posts\/76106\/revisions"}],"wp:attachment":[{"href":"https:\/\/primicias2262.com\/noticias\/wp-json\/wp\/v2\/media?parent=76106"}],"wp:term":[{"taxonomy":"category","embeddable":true,"href":"https:\/\/primicias2262.com\/noticias\/wp-json\/wp\/v2\/categories?post=76106"},{"taxonomy":"post_tag","embeddable":true,"href":"https:\/\/primicias2262.com\/noticias\/wp-json\/wp\/v2\/tags?post=76106"}],"curies":[{"name":"wp","href":"https:\/\/api.w.org\/{rel}","templated":true}]}}