{"id":76118,"date":"2021-05-04T14:39:28","date_gmt":"2021-05-04T17:39:28","guid":{"rendered":"https:\/\/primicias2262.com\/?p=76118"},"modified":"2021-05-04T14:39:28","modified_gmt":"2021-05-04T17:39:28","slug":"pusieron-en-funciones-a-nuevas-autoridades-de-los-hospitales-municipales","status":"publish","type":"post","link":"https:\/\/primicias2262.com\/noticias\/pusieron-en-funciones-a-nuevas-autoridades-de-los-hospitales-municipales\/","title":{"rendered":"Pusieron en funciones a nuevas autoridades de los hospitales municipales"},"content":{"rendered":"<p><strong>La directora del Hospital Irurzun, Carina Mazeris, y el director Asociado del Hospital Ferreyra, Nicol\u00e1s Bisciotti, fueron puestos en funci\u00f3n recientemente por el intendente Arturo Rojas y ambos destacaron el objetivo de mantener la coordinaci\u00f3n de todo el equipo de Salud.<\/strong><\/p>\n<p>El intendente Arturo Rojas puso en funciones, desde el pasado s\u00e1bado 1\u00ba de mayo, a la Dra. Carina Mazeris como Directora Ejecutiva del Hospital Irurzun de Quequ\u00e9n, y al Dr. Nicol\u00e1s Bisciotti como Director Asociado del Dr. Emilio Ferreyra, lugares imprescindibles que hab\u00edan quedado vacantes hace unas semanas.<\/p>\n<p>En este contexto, la secretaria de Salud, Ruth Kalle, asegur\u00f3 que \u201cCarina es una pediatra de larga trayectoria, y Nicol\u00e1s, quien acompa\u00f1ar\u00e1 a N\u00e9stor Valenti en la Direcci\u00f3n, es un m\u00e9dico que pertenece a la Terapia Intensiva del Hospital\u201d.<\/p>\n<p>\u201cSon de reconocida trayectoria y est\u00e1n trabajando en el sistema p\u00fablico hace mucho tiempo, y se han sumado a la gesti\u00f3n sin tener ning\u00fan cargo de funcionario, aunque s\u00ed han hecho un gran aporte desde sus lugares\u201d ampli\u00f3 Kalle, al tiempo que subray\u00f3 sobre Bisciotti que \u201ccoordinaba hasta ahora el celular de coronavirus, que fue el primero que instalamos\u201d y en ese aspecto \u201csiempre tuvo una coordinaci\u00f3n muy efectiva\u201d.<\/p>\n<p>Y finaliz\u00f3: \u201cNo tuvieron ninguna duda en sumarse, conf\u00edan en la gesti\u00f3n del intendente Arturo Rojas y est\u00e1n muy contentos por haber sido convocados y por el voto de confianza\u201d.<\/p>\n<p>Por su parte, Mazeris se\u00f1al\u00f3 que \u201cel objetivo es trabajar en forma conjunta con todo el equipo de Salud para brindar la mejor respuesta sanitaria, en especial en esta situaci\u00f3n de pandemia, y para resolver toda la demanda que existe\u201d, y acot\u00f3 que \u201cen la medida que la pandemia lo permita, la idea es mantener toda la atenci\u00f3n ambulatoria y sostenerla, ya que el Hospital Ferreyra est\u00e1 m\u00e1s abocado a la atenci\u00f3n de Covid\u201d.<\/p>\n<p>Mientras tanto, el Dr. Bisciotti manifest\u00f3 en el mismo tono que \u201cla idea de la gesti\u00f3n es acompa\u00f1ar a todo el equipo de Salud y a la intendencia para el bien del municipio\u201d, y puso \u00e9nfasis en el tema vacunaci\u00f3n anti Covid, al definir que \u201cen Necochea venimos bien, con un porcentaje bastante importante a comparaci\u00f3n de otros lugares. En el \u00e1rea de Salud ya est\u00e1n pr\u00e1cticamente todos vacunados y estamos bastante avanzados con pacientes de riesgo, aunque la idea siempre es la de tratar de avanzar con la vacunaci\u00f3n\u201d.<\/p>\n","protected":false},"excerpt":{"rendered":"<p>La directora del Hospital Irurzun, Carina Mazeris, y el director Asociado del Hospital Ferreyra, Nicol\u00e1s Bisciotti, fueron puestos en funci\u00f3n recientemente por el intendente Arturo Rojas y ambos destacaron el objetivo de mantener la coordinaci\u00f3n de todo el equipo de Salud. El intendente Arturo Rojas puso en funciones, desde el pasado s\u00e1bado 1\u00ba de mayo, [&hellip;]<\/p>\n","protected":false},"author":3,"featured_media":76119,"comment_status":"closed","ping_status":"closed","sticky":false,"template":"","format":"standard","meta":{"footnotes":""},"categories":[3],"tags":[],"class_list":{"0":"post-76118","1":"post","2":"type-post","3":"status-publish","4":"format-standard","5":"has-post-thumbnail","7":"category-masnoticias"},"_links":{"self":[{"href":"https:\/\/primicias2262.com\/noticias\/wp-json\/wp\/v2\/posts\/76118","targetHints":{"allow":["GET"]}}],"collection":[{"href":"https:\/\/primicias2262.com\/noticias\/wp-json\/wp\/v2\/posts"}],"about":[{"href":"https:\/\/primicias2262.com\/noticias\/wp-json\/wp\/v2\/types\/post"}],"author":[{"embeddable":true,"href":"https:\/\/primicias2262.com\/noticias\/wp-json\/wp\/v2\/users\/3"}],"replies":[{"embeddable":true,"href":"https:\/\/primicias2262.com\/noticias\/wp-json\/wp\/v2\/comments?post=76118"}],"version-history":[{"count":0,"href":"https:\/\/primicias2262.com\/noticias\/wp-json\/wp\/v2\/posts\/76118\/revisions"}],"wp:featuredmedia":[{"embeddable":true,"href":"https:\/\/primicias2262.com\/noticias\/wp-json\/"}],"wp:attachment":[{"href":"https:\/\/primicias2262.com\/noticias\/wp-json\/wp\/v2\/media?parent=76118"}],"wp:term":[{"taxonomy":"category","embeddable":true,"href":"https:\/\/primicias2262.com\/noticias\/wp-json\/wp\/v2\/categories?post=76118"},{"taxonomy":"post_tag","embeddable":true,"href":"https:\/\/primicias2262.com\/noticias\/wp-json\/wp\/v2\/tags?post=76118"}],"curies":[{"name":"wp","href":"https:\/\/api.w.org\/{rel}","templated":true}]}}