{"id":76121,"date":"2021-05-04T14:48:38","date_gmt":"2021-05-04T17:48:38","guid":{"rendered":"https:\/\/primicias2262.com\/?p=76121"},"modified":"2021-05-04T14:48:38","modified_gmt":"2021-05-04T17:48:38","slug":"solicitan-construir-el-sum-en-la-agropecuaria-de-santamarina","status":"publish","type":"post","link":"https:\/\/primicias2262.com\/noticias\/solicitan-construir-el-sum-en-la-agropecuaria-de-santamarina\/","title":{"rendered":"Solicitan construir el SUM en la Agropecuaria de Santamarina"},"content":{"rendered":"<p><strong>A trav\u00e9s de una proyecto de decreto presentado ante el presidente del Concejo Concejo Deliberante Dr. Hern\u00e1n Trigo Guti\u00e9rrez<\/strong><\/p>\n<p>Luego de las visitas realizadas al interior del Distrito por parte del presidente del Concejo Deliberante de Necochea, Dr. Hern\u00e1n Trigo Guti\u00e9rrez, se present\u00f3 un Proyecto de Decreto para que el presidente del Concejo Deliberante se dirija a la directora General de Cultura y Educaci\u00f3n de la Provincia de Buenos Aires, Agustina Vila, a los efectos de realizar todas las gestiones correspondientes tendientes a solicitar la construcci\u00f3n de un SUM (Sal\u00f3n de Usos M\u00faltiples) para la Escuela Agropecuaria N\u00b01 de la localidad de Ram\u00f3n Santamarina, como as\u00ed tambi\u00e9n la construcci\u00f3n de 3 salones de estudio y 1 laboratorio espec\u00edfico correspondiente a la orientaci\u00f3n educativa que brinda la Escuela.<\/p>\n<p>Asimismo, se invita al Departamento Ejecutivo y al Consejo Escolar a adherir al Proyecto y expedirse en el mismo sentido.<\/p>\n<p><strong>PROYECTO DE DECRETO<\/strong><\/p>\n<p><strong><u>Visto<\/u>:<\/strong><\/p>\n<p>El enorme trabajo llevado adelante por la comunidad educativa de la Escuela Agropecuaria N\u00b0 1 ubicada en la localidad de Ram\u00f3n Santamarina, y;<\/p>\n<p><strong><u>Considerando<\/u>:<\/strong><\/p>\n<p>Que a finales de los 90 numerosos j\u00f3venes buscaron la tranquilidad de la localidad junto con las actividades al aire libre que ofrece la educaci\u00f3n agraria. La matricula de la escuela comenz\u00f3 a crecer, a tal punto que las viejas instalaciones ya no daban abasto para el total de alumnos;<\/p>\n<p>Que posteriormente se inici\u00f3 la construcci\u00f3n de la actual escuela nueva. En dos etapas se construyeron 6 salones con dependencias, en una tercer etapa se construy\u00f3 el comedor nuevo y la cocina, y lo \u00faltimo que se construy\u00f3 fueron los dormitorios con su comedor en el a\u00f1o 2007; siendo la \u00faltima obra importante que se realiz\u00f3 en el establecimiento y que fue inaugurada en 2009;<\/p>\n<p>Que la Escuela Agropecuaria N\u00b0 1 es la \u00fanica del Distrito en su modalidad y es la que prepara a los j\u00f3venes de nuestra localidad para desempe\u00f1arse en actividades agr\u00edcolas ganaderas que son el motor de nuestra econom\u00eda;<\/p>\n<p>Que actualmente posee los siguientes entornos formativos: entorno av\u00edcola (pollos parrilleros y ponedoras), entorno porcinos, entorno ovino, entorno ganader\u00eda, entorno maquinarias agr\u00edcolas, entorno agricultura (se realizan siembra de diferentes cultivos y verdeos para las diferentes categor\u00edas de ganado en alrededor de 20 has, que son los remanentes de las antiguas v\u00edas del ferrocarril), entorno horticultura (al aire libre y bajo cubierta), entorno vivero y arboricultura (con un estaquero de m\u00e1s de 8 clones de \u00e1lamos y sauces verticales), entorno\u00a0 monte frutal, entorno elaboraci\u00f3n de alimento balanceado (se elaboran alimentos para diferentes categor\u00edas de animales parrilleros, ponedoras, cerdos y se colabora con peque\u00f1os emprendimientos de los pobladores locales) y est\u00e1n\u00a0 en creaci\u00f3n\u00a0 en la actualidad el entorno de cunicultura,\u00a0 lombricultura y compostaje;<\/p>\n<p>Que dentro del establecimiento se encuentra tambi\u00e9n la planta de biodiesel, una de las primeras que realizara la elaboraci\u00f3n de este biocombustible a partir de aceites reciclados de la industria gastron\u00f3mica, de la localidad cabecera del Distrito. En la actualidad se encuentra fuera de servicio a la espera de realizar modificaciones que permitan habilitarla, la misma en la actualidad posee la capacidad de elaborar 400 litros por d\u00eda;<\/p>\n<p>Que en otro sentido, la escuela ofrece una oferta laboral para las personas de la localidad, 19 personas tienen trabajo en el establecimiento y de estas un gran porcentaje son ex alumnos de la escuela, adem\u00e1s brinda una oferta laboral para muchos docentes de Necochea (40 puestos de trabajo);<\/p>\n<p>Que es importante se\u00f1alar que la escuela en la actualidad cuenta con 10 divisiones (2 de primer a\u00f1o, 2 de segundo, 2 de tercero, 1 de cuarto, 1 de quinto, 1 de sexto y 1 de s\u00e9ptimo), lo que oblig\u00f3 a volver a utilizar las instalaciones de la vieja escuela, con esfuerzo de docentes y no docentes se restauraron algunas dependencias y en ellas se dictan clases. Es importante se\u00f1alar que el edificio tiene m\u00e1s de 100 a\u00f1os y pese al esfuerzo de todos es muy dif\u00edcil acondicionarlo para brindar un espacio adecuado;<\/p>\n<p>Que la escuela adem\u00e1s de cumplir un rol social con los alumnos y brindarles un lugar de formaci\u00f3n completa, les da\u00a0 la posibilidad de estar todo el d\u00eda en ella, en este sentido se les provee del servicio de comedor con\u00a0 desayuno, almuerzo, merienda y cena, (esta \u00faltima en el caso de los residentes);<\/p>\n<p>Que gran parte de sus alumnos provienen de las localidades de Necochea y Quequ\u00e9n, un porcentaje utiliza las instalaciones de la residencia y el resto realiza un viaje diario de 130 km para llegar al establecimiento, sin importar las condiciones clim\u00e1ticas;<\/p>\n<p>Que dentro de los pedidos realizados por la Escuela se encuentra la construcci\u00f3n de un SUM (Sal\u00f3n de Usos M\u00faltiples), los alumnos de la escuela en la actualidad no poseen un lugar en el que puedan realizar actividades f\u00edsicas los d\u00edas de lluvia o cuando las inclemencias clim\u00e1ticas son desfavorables, no cuentan con un espacio para estar en los recreos y momentos posteriores al horario de la comida, m\u00e1s que nada en \u00e9poca invernal cuando las condiciones clim\u00e1ticas son desfavorables, adem\u00e1s los alumnos del establecimiento no pueden realizar otros deportes alternativos como v\u00f3ley, h\u00e1ndbol o b\u00e1squet ya que en la localidad no hay ninguna dependencia en la que puedan realizarla;<\/p>\n<p>Que en lo que respecta a la formaci\u00f3n de los alumnos tambi\u00e9n es importante la construcci\u00f3n de al menos 3 salones y un laboratorio para que la formaci\u00f3n sea m\u00e1s completa en todos sus aspectos.<\/p>\n<p>Que los pedidos realizados por la comunidad educativa de la localidad de Ram\u00f3n Santamarina surgen de las reuniones realizadas en el marco de las visitas llevados a cabo por el Honorable Concejo Deliberante.<\/p>\n<p>En virtud de ello, es que el\u00a0<strong>HONORABLE CONCEJO DELIBERANTE DE NECOCHEA<\/strong>, presenta para su consideraci\u00f3n el presente proyecto de:<\/p>\n<p><strong>\u00a0\u00a0\u00a0\u00a0\u00a0\u00a0\u00a0\u00a0\u00a0\u00a0\u00a0\u00a0<u>DECRETO<\/u><\/strong><\/p>\n<p><strong><u>ARTICULO 1\u00b0<\/u>:<\/strong>\u00a0Dir\u00edjase el se\u00f1or Presidente de este H. Concejo Deliberante a la Directora General de Cultura y Educaci\u00f3n de la Provincia de Buenos Aires, Agustina Vila, a los efectos de realizar todas las gestiones correspondientes tendientes a solicitar la construcci\u00f3n de un SUM (Sal\u00f3n de Usos M\u00faltiples) para la Escuela Agropecuaria N\u00b0 1 de Ram\u00f3n Santamarina, localidad del Distrito de Necochea. Asimismo solicitar la construcci\u00f3n de tres salones de estudio y un laboratorio espec\u00edfico correspondiente a la orientaci\u00f3n educativa brindada por la mencionada escuela.-<\/p>\n<p><strong><u>ARTICULO 2\u00b0<\/u>:\u00a0<\/strong>Inv\u00edtese al Departamento Ejecutivo Municipal a adherir al presente Decreto y expedirse en igual sentido.-<\/p>\n<p><strong><u>ARTICULO 3<\/u><\/strong>\u00b0: Inv\u00edtese al Consejo Escolar de Necochea a adherir al presente Decreto y expedirse en igual sentido.-<\/p>\n<p><strong><u>ARTICULO 4\u00b0<\/u>:\u00a0<\/strong>De forma.<\/p>\n<p>Fuente: <strong>elciudadano.com.ar<\/strong><\/p>\n","protected":false},"excerpt":{"rendered":"<p>A trav\u00e9s de una proyecto de decreto presentado ante el presidente del Concejo Concejo Deliberante Dr. Hern\u00e1n Trigo Guti\u00e9rrez Luego de las visitas realizadas al interior del Distrito por parte del presidente del Concejo Deliberante de Necochea, Dr. Hern\u00e1n Trigo Guti\u00e9rrez, se present\u00f3 un Proyecto de Decreto para que el presidente del Concejo Deliberante se [&hellip;]<\/p>\n","protected":false},"author":3,"featured_media":76122,"comment_status":"closed","ping_status":"closed","sticky":false,"template":"","format":"standard","meta":{"footnotes":""},"categories":[3],"tags":[],"class_list":{"0":"post-76121","1":"post","2":"type-post","3":"status-publish","4":"format-standard","5":"has-post-thumbnail","7":"category-masnoticias"},"_links":{"self":[{"href":"https:\/\/primicias2262.com\/noticias\/wp-json\/wp\/v2\/posts\/76121","targetHints":{"allow":["GET"]}}],"collection":[{"href":"https:\/\/primicias2262.com\/noticias\/wp-json\/wp\/v2\/posts"}],"about":[{"href":"https:\/\/primicias2262.com\/noticias\/wp-json\/wp\/v2\/types\/post"}],"author":[{"embeddable":true,"href":"https:\/\/primicias2262.com\/noticias\/wp-json\/wp\/v2\/users\/3"}],"replies":[{"embeddable":true,"href":"https:\/\/primicias2262.com\/noticias\/wp-json\/wp\/v2\/comments?post=76121"}],"version-history":[{"count":0,"href":"https:\/\/primicias2262.com\/noticias\/wp-json\/wp\/v2\/posts\/76121\/revisions"}],"wp:featuredmedia":[{"embeddable":true,"href":"https:\/\/primicias2262.com\/noticias\/wp-json\/"}],"wp:attachment":[{"href":"https:\/\/primicias2262.com\/noticias\/wp-json\/wp\/v2\/media?parent=76121"}],"wp:term":[{"taxonomy":"category","embeddable":true,"href":"https:\/\/primicias2262.com\/noticias\/wp-json\/wp\/v2\/categories?post=76121"},{"taxonomy":"post_tag","embeddable":true,"href":"https:\/\/primicias2262.com\/noticias\/wp-json\/wp\/v2\/tags?post=76121"}],"curies":[{"name":"wp","href":"https:\/\/api.w.org\/{rel}","templated":true}]}}