{"id":76125,"date":"2021-05-05T21:20:26","date_gmt":"2021-05-06T00:20:26","guid":{"rendered":"https:\/\/primicias2262.com\/?p=76125"},"modified":"2021-05-05T21:20:26","modified_gmt":"2021-05-06T00:20:26","slug":"necochea-sigue-en-fase-3-y-todo-seguira-igual-esta-semana","status":"publish","type":"post","link":"https:\/\/primicias2262.com\/noticias\/necochea-sigue-en-fase-3-y-todo-seguira-igual-esta-semana\/","title":{"rendered":"Necochea se mantiene en Fase 3 y todo seguir\u00e1 igual esta semana"},"content":{"rendered":"<p>Necochea y otros 51 distritos bonaerenses continuar\u00e1n esta semana en la fase 3 de la cuarentena, pese al aumento en el n\u00famero de v\u00edctimas fatales y el elevado porcentaje de ocupaci\u00f3n de las camas cr\u00edticas.<\/p>\n<p>En t\u00e9rminos reales no habr\u00e1 nuevas restricciones y todo continuar\u00e1 de la misma manera que en las \u00faltimas semanas, luego de que las autoridades evaluaran la situaci\u00f3n epidemiol\u00f3gica de la Provincia de Buenos Aires.<\/p>\n<p>Del mismo modo hay que remarcar que no hubo cambios de reglas en las distintas fases, es decir que los natatorios pueden continuar su actividad con un m\u00e1ximo de 10 personas y los gimnasios con un 30% del aforo.<\/p>\n<p>Tampoco se ver\u00e1n afectadas las clases presenciales, mientras que la actividad comercial deber\u00e1 cerrar sus puertas a las 20.<\/p>\n<p>En este momento, hay 47 municipios en fase 2, y 36 en fase 4, en tanto que los distritos del AMBA y algunos del interior provincial se hallan en fase 1, es decir el nivel m\u00e1s severo de restricciones.<\/p>\n<p><strong>EL ANALISIS OFICIAL<\/strong><\/p>\n<p>El jefe de Gabinete de Ministros de la Provincia, Carlos Bianco, y el ministro de Salud, Daniel Gollan, presentaron este martes detalles de la situaci\u00f3n epidemiol\u00f3gica y sanitaria y el estado del esquema de fases de aislamiento y distanciamiento social, preventivo y obligatorio en los 135 municipios bonaerenses.<\/p>\n<p>El ministro Gollan destac\u00f3 que en la \u00faltima semana descendi\u00f3 el promedio diario de casos, que se ubic\u00f3 en 9.663, un 18% menos que la semana previa (cuando la cifra hab\u00eda sido de 11.746).<\/p>\n<p>En tal sentido, el funcionario afirm\u00f3: \u201cLas medidas de cuidado han llevado a que tengamos resultados positivos, se cort\u00f3 la subida exponencial que ven\u00edamos registrando\u201d. No obstante, se\u00f1al\u00f3 Gollan, \u201ctenemos una situaci\u00f3n complicada en t\u00e9rminos de ocupaci\u00f3n de camas porque estamos observando que entran muchos pacientes y quedan muchos d\u00edas internados, fundamentalmente porque hay un aumento muy fuerte de la internaci\u00f3n de pacientes j\u00f3venes. La mayor cantidad de camas que se liberan por egreso de la terapia es por \u00f3bito, no por mejor\u00eda del paciente que culmine con el alta\u201d.<\/p>\n<p>En relaci\u00f3n al nivel de ocupaci\u00f3n de camas de terapia intensiva, el Ministro se\u00f1al\u00f3 que en el \u00c1rea Metropolitana de Buenos Aires (AMBA) alcanza al 73,56%, con 1.634 pacientes confirmados o sospechosos de COVID-19 internados. En el interior de la provincia la ocupaci\u00f3n llega al 54,32%, con 474 pacientes confirmados o sospechosos de COVID-19 internados.<\/p>\n<p>Gollan subray\u00f3 el trabajo realizado por la Provincia desde el inicio de la pandemia para ampliar la cantidad de camas y as\u00ed evitar la saturaci\u00f3n del sistema sanitario: \u201cEn julio del a\u00f1o pasado ten\u00edamos 883 camas de terapia intensiva. Con la ampliaci\u00f3n llegamos actualmente a 2.313. Ese es uno de los factores que evit\u00f3 el colapso de nuestros hospitales, junto al enorme esfuerzo de los trabajadores y trabajadoras de la salud\u201d.<\/p>\n<p>Finalmente, el Ministro se\u00f1al\u00f3 que el plan Buenos Aires Vacunate ya ha alcanzado las 3.173.883 aplicaciones, de las cuales 2.872.621 corresponden al primer componente y 301.262 al segundo.<\/p>\n<p>Asimismo, destac\u00f3 que la vacunaci\u00f3n muestra resultados muy positivos con respecto a la protecci\u00f3n que otorga a las y los trabajadores de la salud y a personas mayores de 70 a\u00f1os. En relaci\u00f3n a este grupo, Gollan explic\u00f3 que proporcionalmente ha descendido la cantidad de personas de esta franja etaria que requieren internaci\u00f3n en terapia intensiva, en comparaci\u00f3n con otros grupos.<\/p>\n","protected":false},"excerpt":{"rendered":"<p>Necochea y otros 51 distritos bonaerenses continuar\u00e1n esta semana en la fase 3 de la cuarentena, pese al aumento en el n\u00famero de v\u00edctimas fatales y el elevado porcentaje de ocupaci\u00f3n de las camas cr\u00edticas. En t\u00e9rminos reales no habr\u00e1 nuevas restricciones y todo continuar\u00e1 de la misma manera que en las \u00faltimas semanas, luego [&hellip;]<\/p>\n","protected":false},"author":3,"featured_media":76126,"comment_status":"closed","ping_status":"closed","sticky":false,"template":"","format":"standard","meta":{"footnotes":""},"categories":[3],"tags":[],"class_list":{"0":"post-76125","1":"post","2":"type-post","3":"status-publish","4":"format-standard","5":"has-post-thumbnail","7":"category-masnoticias"},"_links":{"self":[{"href":"https:\/\/primicias2262.com\/noticias\/wp-json\/wp\/v2\/posts\/76125","targetHints":{"allow":["GET"]}}],"collection":[{"href":"https:\/\/primicias2262.com\/noticias\/wp-json\/wp\/v2\/posts"}],"about":[{"href":"https:\/\/primicias2262.com\/noticias\/wp-json\/wp\/v2\/types\/post"}],"author":[{"embeddable":true,"href":"https:\/\/primicias2262.com\/noticias\/wp-json\/wp\/v2\/users\/3"}],"replies":[{"embeddable":true,"href":"https:\/\/primicias2262.com\/noticias\/wp-json\/wp\/v2\/comments?post=76125"}],"version-history":[{"count":0,"href":"https:\/\/primicias2262.com\/noticias\/wp-json\/wp\/v2\/posts\/76125\/revisions"}],"wp:featuredmedia":[{"embeddable":true,"href":"https:\/\/primicias2262.com\/noticias\/wp-json\/"}],"wp:attachment":[{"href":"https:\/\/primicias2262.com\/noticias\/wp-json\/wp\/v2\/media?parent=76125"}],"wp:term":[{"taxonomy":"category","embeddable":true,"href":"https:\/\/primicias2262.com\/noticias\/wp-json\/wp\/v2\/categories?post=76125"},{"taxonomy":"post_tag","embeddable":true,"href":"https:\/\/primicias2262.com\/noticias\/wp-json\/wp\/v2\/tags?post=76125"}],"curies":[{"name":"wp","href":"https:\/\/api.w.org\/{rel}","templated":true}]}}