{"id":76136,"date":"2021-05-05T09:12:19","date_gmt":"2021-05-05T12:12:19","guid":{"rendered":"https:\/\/primicias2262.com\/?p=76136"},"modified":"2021-05-05T09:12:19","modified_gmt":"2021-05-05T12:12:19","slug":"para-el-gobierno-el-aumento-de-tarifas-debe-ser-razonable-para-no-afectar-a-los-trabajadores","status":"publish","type":"post","link":"https:\/\/primicias2262.com\/noticias\/para-el-gobierno-el-aumento-de-tarifas-debe-ser-razonable-para-no-afectar-a-los-trabajadores\/","title":{"rendered":"Para el Gobierno, el aumento de tarifas debe ser \u00abrazonable\u00bb para no afectar a los trabajadores"},"content":{"rendered":"<p><strong>\u00abLo que siempre hablamos es de un aumento razonable; pero siempre cuidando el bolsillo de las familias\u00bb, indicaron voceros de la Casa Rosada.<\/strong><\/p>\n<p>El Gobierno nacional consider\u00f3 que el aumento de tarifas debe ser \u00abrazonable\u00bb y \u00abcuidando el bolsillo\u00bb de la gente, es decir, una suba que \u00abno atente contra el ingreso de los trabajadores\u00bb, informaron fuentes oficiales.<\/p>\n<p>\u00abLo que siempre hablamos es de un aumento razonable; pero siempre cuidando el bolsillo de las familias\u00bb, dijeron voceros de Casa Rosada, y ejemplificaron que el aumento del esquema del expresidente Mauricio Macri \u00abprevisto para esta fecha era del 120 por ciento, y termina siendo del 9%\u00bb.<\/p>\n<p>La gesti\u00f3n del presidente Alberto Fern\u00e1ndez trabajar\u00e1 \u00aben la segmentaci\u00f3n\u00bb para que los subsidios \u00ablleguen mejor a donde tienen que llegar\u00bb, indicaron los voceros, aunque admitieron que el proyecto de segmentaci\u00f3n \u00abes complejo y todav\u00eda no est\u00e1\u00bb.<\/p>\n<p>\u00abPuede haber ideas, pero no hay un proyecto espec\u00edfico de segmentaci\u00f3n, pero nada de esto est\u00e1 atado al acuerdo con el FMI (Fondo Monetario Internacional)\u00bb, aclararon.<\/p>\n<p>Para el Gobierno, \u00abes importante que la industria cuente con energ\u00eda a precios razonables y que las familias tengan tarifas acordes a su poder adquisitivo\u00bb, se\u00f1alaron desde Casa Rosada, y se remarc\u00f3 que \u00abesta discusi\u00f3n tiene que ver con exceso de rentabilidad durante cuatro a\u00f1os\u00bb de la gesti\u00f3n anterior.<\/p>\n","protected":false},"excerpt":{"rendered":"<p>\u00abLo que siempre hablamos es de un aumento razonable; pero siempre cuidando el bolsillo de las familias\u00bb, indicaron voceros de la Casa Rosada. El Gobierno nacional consider\u00f3 que el aumento de tarifas debe ser \u00abrazonable\u00bb y \u00abcuidando el bolsillo\u00bb de la gente, es decir, una suba que \u00abno atente contra el ingreso de los trabajadores\u00bb, [&hellip;]<\/p>\n","protected":false},"author":3,"featured_media":76137,"comment_status":"closed","ping_status":"closed","sticky":false,"template":"","format":"standard","meta":{"footnotes":""},"categories":[4],"tags":[],"class_list":{"0":"post-76136","1":"post","2":"type-post","3":"status-publish","4":"format-standard","5":"has-post-thumbnail","7":"category-actualidad"},"_links":{"self":[{"href":"https:\/\/primicias2262.com\/noticias\/wp-json\/wp\/v2\/posts\/76136","targetHints":{"allow":["GET"]}}],"collection":[{"href":"https:\/\/primicias2262.com\/noticias\/wp-json\/wp\/v2\/posts"}],"about":[{"href":"https:\/\/primicias2262.com\/noticias\/wp-json\/wp\/v2\/types\/post"}],"author":[{"embeddable":true,"href":"https:\/\/primicias2262.com\/noticias\/wp-json\/wp\/v2\/users\/3"}],"replies":[{"embeddable":true,"href":"https:\/\/primicias2262.com\/noticias\/wp-json\/wp\/v2\/comments?post=76136"}],"version-history":[{"count":0,"href":"https:\/\/primicias2262.com\/noticias\/wp-json\/wp\/v2\/posts\/76136\/revisions"}],"wp:featuredmedia":[{"embeddable":true,"href":"https:\/\/primicias2262.com\/noticias\/wp-json\/"}],"wp:attachment":[{"href":"https:\/\/primicias2262.com\/noticias\/wp-json\/wp\/v2\/media?parent=76136"}],"wp:term":[{"taxonomy":"category","embeddable":true,"href":"https:\/\/primicias2262.com\/noticias\/wp-json\/wp\/v2\/categories?post=76136"},{"taxonomy":"post_tag","embeddable":true,"href":"https:\/\/primicias2262.com\/noticias\/wp-json\/wp\/v2\/tags?post=76136"}],"curies":[{"name":"wp","href":"https:\/\/api.w.org\/{rel}","templated":true}]}}