{"id":76139,"date":"2021-05-05T09:15:40","date_gmt":"2021-05-05T12:15:40","guid":{"rendered":"https:\/\/primicias2262.com\/?p=76139"},"modified":"2021-05-05T09:15:40","modified_gmt":"2021-05-05T12:15:40","slug":"fue-un-exito-la-primera-jornada-de-ecocanje-en-loberia","status":"publish","type":"post","link":"https:\/\/primicias2262.com\/noticias\/fue-un-exito-la-primera-jornada-de-ecocanje-en-loberia\/","title":{"rendered":"Fue un \u00e9xito la primera jornada de Ecocanje en Lober\u00eda"},"content":{"rendered":"<p><strong>Se concret\u00f3 la primera jornada de ECOCANJE en Plaza Mitre de Lober\u00eda, donde grandes y chicos acercaron sus Ecobotellas y las intercambiaron por plantines agroecol\u00f3gicos producidos en la Huerta Comunitaria.<\/strong><\/p>\n<p>En la jornada, con el aporte de todos, se logr\u00f3 llenar el contenedor. Recordamos que el contenedor est\u00e1 ubicado todos los d\u00edas frente al edificio de Obras P\u00fablicas (Italia 50) y all\u00ed se pueden depositar las Ecobotellas.<\/p>\n<p>La Ecobotella es una iniciativa para que los vecinos puedan contribuir al cuidado del medio ambiente y fomentar el reciclaje de pl\u00e1sticos de uso diario.<\/p>\n<p><strong>Dentro de ella se pueden colocar:<\/strong><\/p>\n<p>-Paquetes de fideos, arroz, legumbres, galletitas, alfajores.<br \/>\n-Bolsas de pl\u00e1stico.<br \/>\n-Paquetes de toallitas, papel higi\u00e9nico y de cocina.<br \/>\n-Sachets de leche.<br \/>\n-Etiquetas de botellas.<br \/>\n-Cepillos de dientes.<br \/>\n-Repuestos de productos de limpieza.<\/p>\n<p><img loading=\"lazy\" decoding=\"async\" class=\"aligncenter size-full wp-image-76141\" src=\"https:\/\/primicias2262.com\/wp-content\/uploads\/2021\/05\/Ecocanje-5.jpg\" alt=\"\" width=\"1053\" height=\"702\" \/><\/p>\n","protected":false},"excerpt":{"rendered":"<p>Se concret\u00f3 la primera jornada de ECOCANJE en Plaza Mitre de Lober\u00eda, donde grandes y chicos acercaron sus Ecobotellas y las intercambiaron por plantines agroecol\u00f3gicos producidos en la Huerta Comunitaria. En la jornada, con el aporte de todos, se logr\u00f3 llenar el contenedor. Recordamos que el contenedor est\u00e1 ubicado todos los d\u00edas frente al edificio [&hellip;]<\/p>\n","protected":false},"author":3,"featured_media":76140,"comment_status":"closed","ping_status":"closed","sticky":false,"template":"","format":"standard","meta":{"footnotes":""},"categories":[4],"tags":[],"class_list":{"0":"post-76139","1":"post","2":"type-post","3":"status-publish","4":"format-standard","5":"has-post-thumbnail","7":"category-actualidad"},"_links":{"self":[{"href":"https:\/\/primicias2262.com\/noticias\/wp-json\/wp\/v2\/posts\/76139","targetHints":{"allow":["GET"]}}],"collection":[{"href":"https:\/\/primicias2262.com\/noticias\/wp-json\/wp\/v2\/posts"}],"about":[{"href":"https:\/\/primicias2262.com\/noticias\/wp-json\/wp\/v2\/types\/post"}],"author":[{"embeddable":true,"href":"https:\/\/primicias2262.com\/noticias\/wp-json\/wp\/v2\/users\/3"}],"replies":[{"embeddable":true,"href":"https:\/\/primicias2262.com\/noticias\/wp-json\/wp\/v2\/comments?post=76139"}],"version-history":[{"count":0,"href":"https:\/\/primicias2262.com\/noticias\/wp-json\/wp\/v2\/posts\/76139\/revisions"}],"wp:featuredmedia":[{"embeddable":true,"href":"https:\/\/primicias2262.com\/noticias\/wp-json\/"}],"wp:attachment":[{"href":"https:\/\/primicias2262.com\/noticias\/wp-json\/wp\/v2\/media?parent=76139"}],"wp:term":[{"taxonomy":"category","embeddable":true,"href":"https:\/\/primicias2262.com\/noticias\/wp-json\/wp\/v2\/categories?post=76139"},{"taxonomy":"post_tag","embeddable":true,"href":"https:\/\/primicias2262.com\/noticias\/wp-json\/wp\/v2\/tags?post=76139"}],"curies":[{"name":"wp","href":"https:\/\/api.w.org\/{rel}","templated":true}]}}