{"id":76149,"date":"2021-05-05T10:09:52","date_gmt":"2021-05-05T13:09:52","guid":{"rendered":"https:\/\/primicias2262.com\/?p=76149"},"modified":"2021-05-05T10:09:52","modified_gmt":"2021-05-05T13:09:52","slug":"restablecieron-la-hamaca-para-chicos-con-discapacidad-en-la-plaza-del-centro","status":"publish","type":"post","link":"https:\/\/primicias2262.com\/noticias\/restablecieron-la-hamaca-para-chicos-con-discapacidad-en-la-plaza-del-centro\/","title":{"rendered":"Restablecieron la hamaca para chicos con discapacidad en la plaza del centro"},"content":{"rendered":"<p>Personal de la Direcci\u00f3n de Servicios P\u00fablicos municipal puso en valor, despu\u00e9s de muchos a\u00f1os, la hamaca para chicos con discapacidad que est\u00e1 ubicada en la Plaza Dardo Rocha, y que se encontraba en mal estado por uso indebido y el paso del tiempo.<\/p>\n<p>Puntualmente, se tuvieron que cambiar los ca\u00f1os por unos m\u00e1s gruesos y los topes respectivos, ya que los chicos se lastimaban las manos con el roce.<\/p>\n<p>Asimismo, se coloc\u00f3 una valla indicativa para crear conciencia y que su uso sea solo para chicos con alguna discapacidad.<\/p>\n","protected":false},"excerpt":{"rendered":"<p>Personal de la Direcci\u00f3n de Servicios P\u00fablicos municipal puso en valor, despu\u00e9s de muchos a\u00f1os, la hamaca para chicos con discapacidad que est\u00e1 ubicada en la Plaza Dardo Rocha, y que se encontraba en mal estado por uso indebido y el paso del tiempo. Puntualmente, se tuvieron que cambiar los ca\u00f1os por unos m\u00e1s gruesos [&hellip;]<\/p>\n","protected":false},"author":3,"featured_media":76150,"comment_status":"closed","ping_status":"closed","sticky":false,"template":"","format":"standard","meta":{"footnotes":""},"categories":[3],"tags":[],"class_list":{"0":"post-76149","1":"post","2":"type-post","3":"status-publish","4":"format-standard","5":"has-post-thumbnail","7":"category-masnoticias"},"_links":{"self":[{"href":"https:\/\/primicias2262.com\/noticias\/wp-json\/wp\/v2\/posts\/76149","targetHints":{"allow":["GET"]}}],"collection":[{"href":"https:\/\/primicias2262.com\/noticias\/wp-json\/wp\/v2\/posts"}],"about":[{"href":"https:\/\/primicias2262.com\/noticias\/wp-json\/wp\/v2\/types\/post"}],"author":[{"embeddable":true,"href":"https:\/\/primicias2262.com\/noticias\/wp-json\/wp\/v2\/users\/3"}],"replies":[{"embeddable":true,"href":"https:\/\/primicias2262.com\/noticias\/wp-json\/wp\/v2\/comments?post=76149"}],"version-history":[{"count":0,"href":"https:\/\/primicias2262.com\/noticias\/wp-json\/wp\/v2\/posts\/76149\/revisions"}],"wp:featuredmedia":[{"embeddable":true,"href":"https:\/\/primicias2262.com\/noticias\/wp-json\/"}],"wp:attachment":[{"href":"https:\/\/primicias2262.com\/noticias\/wp-json\/wp\/v2\/media?parent=76149"}],"wp:term":[{"taxonomy":"category","embeddable":true,"href":"https:\/\/primicias2262.com\/noticias\/wp-json\/wp\/v2\/categories?post=76149"},{"taxonomy":"post_tag","embeddable":true,"href":"https:\/\/primicias2262.com\/noticias\/wp-json\/wp\/v2\/tags?post=76149"}],"curies":[{"name":"wp","href":"https:\/\/api.w.org\/{rel}","templated":true}]}}