{"id":76162,"date":"2021-05-06T09:29:47","date_gmt":"2021-05-06T12:29:47","guid":{"rendered":"https:\/\/primicias2262.com\/?p=76162"},"modified":"2021-05-06T09:29:47","modified_gmt":"2021-05-06T12:29:47","slug":"fallecio-carlos-griguol-maestro-del-futbol-argentino","status":"publish","type":"post","link":"https:\/\/primicias2262.com\/noticias\/fallecio-carlos-griguol-maestro-del-futbol-argentino\/","title":{"rendered":"Falleci\u00f3 Carlos Griguol, maestro del f\u00fatbol argentino"},"content":{"rendered":"<p>Carlos Timoteo Griguol, maestro del f\u00fatbol argentino y exDT campe\u00f3n con Rosario Central, Ferro Carril Oeste y River Plate, falleci\u00f3 a los 86 a\u00f1os, confirm\u00f3 su yerno, el exfutbolista V\u00edctor Hugo Marchesini.<\/p>\n<p><strong>Griguol se encontraba internado por dificultades respiratorias en el Sanatorio Los Arcos<\/strong>, del barrio porte\u00f1o de Palermo.<\/p>\n<p>La semana pasada una informaci\u00f3n period\u00edstica equivocada y sin chequear hab\u00eda anunciado la muerte, que finalmente se produjo este jueves.<\/p>\n<p><strong>El encargado de confirmar el deceso fue su yerno Marchesini<\/strong>, quien a trav\u00e9s de Twiter escribi\u00f3: \u00abSe nos fu\u00e9 Timo. Gracias por todo Viejito, imposible no tenerte presente minuto a minuto. Te voy a extra\u00f1ar. QEPD\u00bb.<\/p>\n<p>Ferro Carril Oeste, en tanto, despidi\u00f3 a su m\u00e1xima leyenda, con la convicci\u00f3n de que su \u00ablegado\u00bb ser\u00e1 \u00abla bandera\u00bb que gu\u00ede a la instituci\u00f3n.<\/p>\n<p>\u00abTu legado es y ser\u00e1 nuestra bandera. Tus valores son y ser\u00e1n nuestros horizontes. Tus campeonatos fueron, son y ser\u00e1n nuestra gloria eterna. Tu nombre es y ser\u00e1 leyenda. Ser\u00e1s #EternoTimoteo. Ayer, hoy y siempre\u00bb, public\u00f3 el club en su cuenta de Twitter.<\/p>\n","protected":false},"excerpt":{"rendered":"<p>Carlos Timoteo Griguol, maestro del f\u00fatbol argentino y exDT campe\u00f3n con Rosario Central, Ferro Carril Oeste y River Plate, falleci\u00f3 a los 86 a\u00f1os, confirm\u00f3 su yerno, el exfutbolista V\u00edctor Hugo Marchesini. Griguol se encontraba internado por dificultades respiratorias en el Sanatorio Los Arcos, del barrio porte\u00f1o de Palermo. La semana pasada una informaci\u00f3n period\u00edstica [&hellip;]<\/p>\n","protected":false},"author":3,"featured_media":0,"comment_status":"closed","ping_status":"closed","sticky":false,"template":"","format":"standard","meta":{"footnotes":""},"categories":[4],"tags":[],"class_list":{"0":"post-76162","1":"post","2":"type-post","3":"status-publish","4":"format-standard","6":"category-actualidad"},"_links":{"self":[{"href":"https:\/\/primicias2262.com\/noticias\/wp-json\/wp\/v2\/posts\/76162","targetHints":{"allow":["GET"]}}],"collection":[{"href":"https:\/\/primicias2262.com\/noticias\/wp-json\/wp\/v2\/posts"}],"about":[{"href":"https:\/\/primicias2262.com\/noticias\/wp-json\/wp\/v2\/types\/post"}],"author":[{"embeddable":true,"href":"https:\/\/primicias2262.com\/noticias\/wp-json\/wp\/v2\/users\/3"}],"replies":[{"embeddable":true,"href":"https:\/\/primicias2262.com\/noticias\/wp-json\/wp\/v2\/comments?post=76162"}],"version-history":[{"count":0,"href":"https:\/\/primicias2262.com\/noticias\/wp-json\/wp\/v2\/posts\/76162\/revisions"}],"wp:attachment":[{"href":"https:\/\/primicias2262.com\/noticias\/wp-json\/wp\/v2\/media?parent=76162"}],"wp:term":[{"taxonomy":"category","embeddable":true,"href":"https:\/\/primicias2262.com\/noticias\/wp-json\/wp\/v2\/categories?post=76162"},{"taxonomy":"post_tag","embeddable":true,"href":"https:\/\/primicias2262.com\/noticias\/wp-json\/wp\/v2\/tags?post=76162"}],"curies":[{"name":"wp","href":"https:\/\/api.w.org\/{rel}","templated":true}]}}